{"id":10832,"date":"2025-03-06T13:09:07","date_gmt":"2025-03-06T13:09:07","guid":{"rendered":"https:\/\/pernelmedia.com\/?p=10832"},"modified":"2025-03-06T13:16:30","modified_gmt":"2025-03-06T13:16:30","slug":"the-au-pair-premieres-on-channel-5-on-monday-10th-march-2025","status":"publish","type":"post","link":"https:\/\/pernelmedia.com\/fr\/the-au-pair-premieres-on-channel-5-on-monday-10th-march-2025\/","title":{"rendered":"The Au Pair sera diffus\u00e9 sur Channel 5 le lundi 10 mars 2025 !"},"content":{"rendered":"<div data-elementor-type=\"wp-post\" data-elementor-id=\"10832\" class=\"elementor elementor-10832\" data-elementor-post-type=\"post\">\n\t\t\t\t\t\t<section class=\"elementor-section elementor-top-section elementor-element elementor-element-ec1ed86 elementor-section-boxed elementor-section-height-default elementor-section-height-default\" data-id=\"ec1ed86\" data-element_type=\"section\" data-e-type=\"section\">\n\t\t\t\t\t\t<div class=\"elementor-container elementor-column-gap-default\">\n\t\t\t\t\t<div class=\"elementor-column elementor-col-100 elementor-top-column elementor-element elementor-element-1711d6c9\" data-id=\"1711d6c9\" data-element_type=\"column\" data-e-type=\"column\">\n\t\t\t<div class=\"elementor-widget-wrap elementor-element-populated\">\n\t\t\t\t\t\t<div class=\"elementor-element elementor-element-3cae2df0 elementor-widget elementor-widget-text-editor\" data-id=\"3cae2df0\" data-element_type=\"widget\" data-e-type=\"widget\" data-widget_type=\"text-editor.default\">\n\t\t\t\t<div class=\"elementor-widget-container\">\n\t\t\t\t\t\t\t\t\t<div dir=\"auto\">The Au Pair, le nouveau drame captivant de Pernel Media et Channel 5, port\u00e9 par Sir David Suchet, sera lanc\u00e9 le 10 mars !<br \/><br \/><\/div><div dir=\"auto\">Cette minis\u00e9rie en quatre \u00e9pisodes explore la famille, la confiance et les secrets enfouis au c\u0153ur de la pittoresque campagne britannique.<br \/><br \/><\/div><div dir=\"auto\">Avec David Suchet, Sally Bretton, Kenny Doughty, Virginie Ledoyen et Ludmilla Makowski (dans ses d\u00e9buts \u00e0 la t\u00e9l\u00e9vision britannique), le drame suit une femme dont la vie bascule lorsque d\u00e9barque une myst\u00e9rieuse jeune fille au pair fran\u00e7aise\u2026<\/div><div dir=\"auto\">\u00a0<\/div><div dir=\"auto\">Voir le trailer <a href=\"https:\/\/www.youtube.com\/watch?v=V8fVRRtyiRo\">ici<\/a>.<\/div>\t\t\t\t\t\t\t\t<\/div>\n\t\t\t\t<\/div>\n\t\t\t\t\t<\/div>\n\t\t<\/div>\n\t\t\t\t\t<\/div>\n\t\t<\/section>\n\t\t\t\t<\/div>","protected":false},"excerpt":{"rendered":"<p>The Au Pair premieres on Channel 5 on Monday 10th March 2025<\/p>","protected":false},"author":234053483,"featured_media":10833,"comment_status":"closed","ping_status":"closed","sticky":false,"template":"","format":"standard","meta":{"_acf_changed":false,"_crdt_document":"","advanced_seo_description":"","jetpack_seo_html_title":"","jetpack_seo_noindex":false,"footnotes":"","jetpack_publicize_message":"","jetpack_publicize_feature_enabled":true,"jetpack_social_post_already_shared":true,"jetpack_social_options":{"image_generator_settings":{"template":"highway","default_image_id":0,"font":"","enabled":false},"version":2},"_wpas_customize_per_network":false,"jetpack_post_was_ever_published":false},"categories":[97],"tags":[],"class_list":["post-10832","post","type-post","status-publish","format-standard","has-post-thumbnail","hentry","category-uncategorised"],"acf":[],"jetpack_publicize_connections":[],"jetpack_featured_media_url":"https:\/\/i0.wp.com\/pernelmedia.com\/wp-content\/uploads\/2021\/08\/the-au-pair-channel-5-5dab0fa.jpg?fit=3266%2C2177&ssl=1","jetpack_likes_enabled":true,"jetpack_sharing_enabled":true,"jetpack_shortlink":"https:\/\/wp.me\/peJO5x-2OI","jetpack-related-posts":[{"id":10816,"url":"https:\/\/pernelmedia.com\/fr\/ghettos-in-the-holocaust-in-official-competition-at-fipadoc-2\/","url_meta":{"origin":10832,"position":0},"title":"Virginie Ledoyen rejoint la s\u00e9rie t\u00e9l\u00e9vis\u00e9e The Au Pair aux c\u00f4t\u00e9s de David Suchet","author":"ferdinandcolin","date":"10th septembre 2024","format":false,"excerpt":"Virginie Ledoyen rejoint la s\u00e9rie t\u00e9l\u00e9vis\u00e9e The Au Pair aux c\u00f4t\u00e9s de David Suchet","rel":"","context":"Dans &quot;Uncategorized&quot;","block_context":{"text":"Uncategorized","link":"https:\/\/pernelmedia.com\/fr\/category\/uncategorised\/"},"img":{"alt_text":"","src":"https:\/\/i0.wp.com\/pernelmedia.com\/wp-content\/uploads\/2021\/08\/7678762-virginie-ledoyen-avant-premiere-du-fil-1200x0-2.webp?fit=904%2C1200&ssl=1&resize=350%2C200","width":350,"height":200,"srcset":"https:\/\/i0.wp.com\/pernelmedia.com\/wp-content\/uploads\/2021\/08\/7678762-virginie-ledoyen-avant-premiere-du-fil-1200x0-2.webp?fit=904%2C1200&ssl=1&resize=350%2C200 1x, https:\/\/i0.wp.com\/pernelmedia.com\/wp-content\/uploads\/2021\/08\/7678762-virginie-ledoyen-avant-premiere-du-fil-1200x0-2.webp?fit=904%2C1200&ssl=1&resize=525%2C300 1.5x, https:\/\/i0.wp.com\/pernelmedia.com\/wp-content\/uploads\/2021\/08\/7678762-virginie-ledoyen-avant-premiere-du-fil-1200x0-2.webp?fit=904%2C1200&ssl=1&resize=700%2C400 2x"},"classes":[]},{"id":10823,"url":"https:\/\/pernelmedia.com\/fr\/channel-5-commissions-thriller-the-au-pair\/","url_meta":{"origin":10832,"position":1},"title":"Channel 5 commande le thriller The Au Pair, produit par Pernel Media","author":"ferdinandcolin","date":"27th juin 2024","format":false,"excerpt":"Channel 5 commissions thriller, The Au Pair","rel":"","context":"Dans &quot;Uncategorized&quot;","block_context":{"text":"Uncategorized","link":"https:\/\/pernelmedia.com\/fr\/category\/uncategorised\/"},"img":{"alt_text":"","src":"https:\/\/i0.wp.com\/pernelmedia.com\/wp-content\/uploads\/2021\/08\/au-pair-pernel-channel-5-itv-studios.jpg?fit=956%2C538&ssl=1&resize=350%2C200","width":350,"height":200,"srcset":"https:\/\/i0.wp.com\/pernelmedia.com\/wp-content\/uploads\/2021\/08\/au-pair-pernel-channel-5-itv-studios.jpg?fit=956%2C538&ssl=1&resize=350%2C200 1x, https:\/\/i0.wp.com\/pernelmedia.com\/wp-content\/uploads\/2021\/08\/au-pair-pernel-channel-5-itv-studios.jpg?fit=956%2C538&ssl=1&resize=525%2C300 1.5x, https:\/\/i0.wp.com\/pernelmedia.com\/wp-content\/uploads\/2021\/08\/au-pair-pernel-channel-5-itv-studios.jpg?fit=956%2C538&ssl=1&resize=700%2C400 2x"},"classes":[]},{"id":11602,"url":"https:\/\/pernelmedia.com\/fr\/david-suchet-presenting-egypt-documentary-mysteries-on-the-nile\/","url_meta":{"origin":10832,"position":2},"title":"David Suchet pr\u00e9sente le documentaire sur l\u2019\u00c9gypte \u00ab Mysteries on the Nile \u00bb","author":"ferdinandcolin","date":"20th f\u00e9vrier 2026","format":false,"excerpt":"David Suchet is expanding his Agatha Christieverse with a travelog produced by Pernel Media, in which he heads down the River Nile. Suchet, who played Hercule Poirot with aplomb in dozens of Christie adaptations, is presenting Mysteries on the Nile with Sir David Suchet, which has been pre-bought by Australia\u2019s\u2026","rel":"","context":"Dans &quot;Uncategorized&quot;","block_context":{"text":"Uncategorized","link":"https:\/\/pernelmedia.com\/fr\/category\/uncategorised\/"},"img":{"alt_text":"","src":"https:\/\/i0.wp.com\/pernelmedia.com\/wp-content\/uploads\/2026\/03\/David-suchet-Musteries-press-release.jpg?fit=1006%2C1200&ssl=1&resize=350%2C200","width":350,"height":200,"srcset":"https:\/\/i0.wp.com\/pernelmedia.com\/wp-content\/uploads\/2026\/03\/David-suchet-Musteries-press-release.jpg?fit=1006%2C1200&ssl=1&resize=350%2C200 1x, https:\/\/i0.wp.com\/pernelmedia.com\/wp-content\/uploads\/2026\/03\/David-suchet-Musteries-press-release.jpg?fit=1006%2C1200&ssl=1&resize=525%2C300 1.5x, https:\/\/i0.wp.com\/pernelmedia.com\/wp-content\/uploads\/2026\/03\/David-suchet-Musteries-press-release.jpg?fit=1006%2C1200&ssl=1&resize=700%2C400 2x"},"classes":[]},{"id":11371,"url":"https:\/\/pernelmedia.com\/fr\/channel-5-has-commissioned-a-new-scripted-series-from-pernel-missed-call\/","url_meta":{"origin":10832,"position":3},"title":"Channel 5 a command\u00e9 une nouvelle s\u00e9rie de fiction produite par Pernel Media, \u201cMissed Call\u201d.","author":"ferdinandcolin","date":"21st juillet 2025","format":false,"excerpt":"Channel 5 has made a new series commission, as it continues to add to its growing drama portfolio.Missed Call (5\u00d760\u2019), a five-part thriller from French production company Pernel Media; the creators of 5 drama The Au Pair. After a worrying late-night missed call from her daughter who is on a\u2026","rel":"","context":"Dans &quot;Uncategorized&quot;","block_context":{"text":"Uncategorized","link":"https:\/\/pernelmedia.com\/fr\/category\/uncategorised\/"},"img":{"alt_text":"","src":"https:\/\/i0.wp.com\/pernelmedia.com\/wp-content\/uploads\/2023\/11\/00-PERNEL-MEDIA-LOGO-DEF-HD.webp?fit=362%2C244&ssl=1&resize=350%2C200","width":350,"height":200},"classes":[]},{"id":10934,"url":"https:\/\/pernelmedia.com\/fr\/incredible-press-coverage-for-the-au-pair\/","url_meta":{"origin":10832,"position":4},"title":"Une presse incroyable pour The Au Pair !","author":"ferdinandcolin","date":"19th mars 2025","format":false,"excerpt":"Une presse incroyable pour The Au Pair !","rel":"","context":"Dans &quot;Uncategorized&quot;","block_context":{"text":"Uncategorized","link":"https:\/\/pernelmedia.com\/fr\/category\/uncategorised\/"},"img":{"alt_text":"","src":"https:\/\/i0.wp.com\/pernelmedia.com\/wp-content\/uploads\/2021\/08\/The-Au-Pair-series-still.webp?fit=1200%2C675&ssl=1&resize=350%2C200","width":350,"height":200,"srcset":"https:\/\/i0.wp.com\/pernelmedia.com\/wp-content\/uploads\/2021\/08\/The-Au-Pair-series-still.webp?fit=1200%2C675&ssl=1&resize=350%2C200 1x, https:\/\/i0.wp.com\/pernelmedia.com\/wp-content\/uploads\/2021\/08\/The-Au-Pair-series-still.webp?fit=1200%2C675&ssl=1&resize=525%2C300 1.5x, https:\/\/i0.wp.com\/pernelmedia.com\/wp-content\/uploads\/2021\/08\/The-Au-Pair-series-still.webp?fit=1200%2C675&ssl=1&resize=700%2C400 2x, https:\/\/i0.wp.com\/pernelmedia.com\/wp-content\/uploads\/2021\/08\/The-Au-Pair-series-still.webp?fit=1200%2C675&ssl=1&resize=1050%2C600 3x"},"classes":[]},{"id":1975,"url":"https:\/\/pernelmedia.com\/fr\/deadline-nat-geo-boards-doc-series-featuring-largest-mayan-ruins-ever-discovered\/","url_meta":{"origin":10832,"position":5},"title":"Pernel Media explore \"Vikings, les premiers rois\" pour Planete+, C8","author":"pernelmedia","date":"6th juin 2022","format":false,"excerpt":"Paris-headquartered Pernel Media has been commissioned to produce Rise of the Vikings, a docudrama series for Canal+ channels Plan\u00e8te+ and C8.","rel":"","context":"Dans &quot;Uncategorized&quot;","block_context":{"text":"Uncategorized","link":"https:\/\/pernelmedia.com\/fr\/category\/uncategorised\/"},"img":{"alt_text":"","src":"https:\/\/i0.wp.com\/pernelmedia.com\/wp-content\/uploads\/2023\/02\/Rise-of-the-Vikings-Pernel-Media-2-e1686147246247.jpg?fit=1200%2C372&ssl=1&resize=350%2C200","width":350,"height":200,"srcset":"https:\/\/i0.wp.com\/pernelmedia.com\/wp-content\/uploads\/2023\/02\/Rise-of-the-Vikings-Pernel-Media-2-e1686147246247.jpg?fit=1200%2C372&ssl=1&resize=350%2C200 1x, https:\/\/i0.wp.com\/pernelmedia.com\/wp-content\/uploads\/2023\/02\/Rise-of-the-Vikings-Pernel-Media-2-e1686147246247.jpg?fit=1200%2C372&ssl=1&resize=525%2C300 1.5x, https:\/\/i0.wp.com\/pernelmedia.com\/wp-content\/uploads\/2023\/02\/Rise-of-the-Vikings-Pernel-Media-2-e1686147246247.jpg?fit=1200%2C372&ssl=1&resize=700%2C400 2x, https:\/\/i0.wp.com\/pernelmedia.com\/wp-content\/uploads\/2023\/02\/Rise-of-the-Vikings-Pernel-Media-2-e1686147246247.jpg?fit=1200%2C372&ssl=1&resize=1050%2C600 3x"},"classes":[]}],"_links":{"self":[{"href":"https:\/\/pernelmedia.com\/fr\/wp-json\/wp\/v2\/posts\/10832","targetHints":{"allow":["GET"]}}],"collection":[{"href":"https:\/\/pernelmedia.com\/fr\/wp-json\/wp\/v2\/posts"}],"about":[{"href":"https:\/\/pernelmedia.com\/fr\/wp-json\/wp\/v2\/types\/post"}],"author":[{"embeddable":true,"href":"https:\/\/pernelmedia.com\/fr\/wp-json\/wp\/v2\/users\/234053483"}],"replies":[{"embeddable":true,"href":"https:\/\/pernelmedia.com\/fr\/wp-json\/wp\/v2\/comments?post=10832"}],"version-history":[{"count":13,"href":"https:\/\/pernelmedia.com\/fr\/wp-json\/wp\/v2\/posts\/10832\/revisions"}],"predecessor-version":[{"id":10846,"href":"https:\/\/pernelmedia.com\/fr\/wp-json\/wp\/v2\/posts\/10832\/revisions\/10846"}],"wp:featuredmedia":[{"embeddable":true,"href":"https:\/\/pernelmedia.com\/fr\/wp-json\/wp\/v2\/media\/10833"}],"wp:attachment":[{"href":"https:\/\/pernelmedia.com\/fr\/wp-json\/wp\/v2\/media?parent=10832"}],"wp:term":[{"taxonomy":"category","embeddable":true,"href":"https:\/\/pernelmedia.com\/fr\/wp-json\/wp\/v2\/categories?post=10832"},{"taxonomy":"post_tag","embeddable":true,"href":"https:\/\/pernelmedia.com\/fr\/wp-json\/wp\/v2\/tags?post=10832"}],"curies":[{"name":"wp","href":"https:\/\/api.w.org\/{rel}","templated":true}]}}