{"id":10867,"date":"2025-03-03T10:11:04","date_gmt":"2025-03-03T10:11:04","guid":{"rendered":"https:\/\/pernelmedia.com\/?p=10867"},"modified":"2025-04-28T10:31:32","modified_gmt":"2025-04-28T09:31:32","slug":"france-5-broadcasts-rise-of-jaguars-monday-the","status":"publish","type":"post","link":"https:\/\/pernelmedia.com\/fr\/france-5-broadcasts-rise-of-jaguars-monday-the\/","title":{"rendered":"France 5 DIFFUSERA au nom des jaguars le lundi 3 mars"},"content":{"rendered":"<div data-elementor-type=\"wp-post\" data-elementor-id=\"10867\" class=\"elementor elementor-10867\" data-elementor-post-type=\"post\">\n\t\t\t\t\t\t<section class=\"elementor-section elementor-top-section elementor-element elementor-element-ec1ed86 elementor-section-boxed elementor-section-height-default elementor-section-height-default\" data-id=\"ec1ed86\" data-element_type=\"section\" data-e-type=\"section\">\n\t\t\t\t\t\t<div class=\"elementor-container elementor-column-gap-default\">\n\t\t\t\t\t<div class=\"elementor-column elementor-col-100 elementor-top-column elementor-element elementor-element-1711d6c9\" data-id=\"1711d6c9\" data-element_type=\"column\" data-e-type=\"column\">\n\t\t\t<div class=\"elementor-widget-wrap elementor-element-populated\">\n\t\t\t\t\t\t<div class=\"elementor-element elementor-element-3cae2df0 elementor-widget elementor-widget-text-editor\" data-id=\"3cae2df0\" data-element_type=\"widget\" data-e-type=\"widget\" data-widget_type=\"text-editor.default\">\n\t\t\t\t<div class=\"elementor-widget-container\">\n\t\t\t\t\t\t\t\t\t<div dir=\"auto\"><p><span style=\"caret-color: #000000;\">\u201c<strong>Au nom des Jaguars<\/strong>\", le film de <b>Emmanuel Rondeau<\/b>sera diffus\u00e9 dans la section \"The Living\" le <strong>Lundi 3 mars \u00e0 21h05 sur France 5<\/strong><\/span><\/p><p><span style=\"caret-color: #000000;\">Au Br\u00e9sil, un f\u00e9lin tachet\u00e9 r\u00e8gne en ma\u00eetre au sommet de la cha\u00eene alimentaire dans l\u2019immense zone humide du Pantanal. Le plus grand jaguar du monde attaque sans crainte ca\u00efmans et loutres g\u00e9antes. Glissons-nous sur son territoire\u2026 sans nous faire remarquer<\/span><span style=\"caret-color: #000000;\">!<\/span><\/p><\/div>\t\t\t\t\t\t\t\t<\/div>\n\t\t\t\t<\/div>\n\t\t\t\t\t<\/div>\n\t\t<\/div>\n\t\t\t\t\t<\/div>\n\t\t<\/section>\n\t\t\t\t<\/div>","protected":false},"excerpt":{"rendered":"<p>France 5 DIFFUSERA au nom des jaguars le lundi 3 mars<\/p>","protected":false},"author":234053483,"featured_media":10926,"comment_status":"closed","ping_status":"closed","sticky":false,"template":"","format":"standard","meta":{"_acf_changed":false,"_crdt_document":"","advanced_seo_description":"","jetpack_seo_html_title":"","jetpack_seo_noindex":false,"footnotes":"","jetpack_publicize_message":"","jetpack_publicize_feature_enabled":true,"jetpack_social_post_already_shared":true,"jetpack_social_options":{"image_generator_settings":{"template":"highway","default_image_id":0,"font":"","enabled":false},"version":2},"_wpas_customize_per_network":false,"jetpack_post_was_ever_published":false},"categories":[97],"tags":[],"class_list":["post-10867","post","type-post","status-publish","format-standard","has-post-thumbnail","hentry","category-uncategorised"],"acf":[],"jetpack_publicize_connections":[],"jetpack_featured_media_url":"https:\/\/i0.wp.com\/pernelmedia.com\/wp-content\/uploads\/2021\/08\/JAGUAR_0.jpg?fit=728%2C409&ssl=1","jetpack_likes_enabled":true,"jetpack_sharing_enabled":true,"jetpack_shortlink":"https:\/\/wp.me\/peJO5x-2Ph","jetpack-related-posts":[{"id":11582,"url":"https:\/\/pernelmedia.com\/fr\/tonight-france-5-presents-presents-mammal-origins\/","url_meta":{"origin":10867,"position":0},"title":"Ce soir sur France 5 'Les origines des mammif\u00e8res - le monde avant les dinosaures'!","author":"ferdinandcolin","date":"15th janvier 2026","format":false,"excerpt":"Tonight, France 5 presents presents \u201cMammal Origins.\u201d Long before the rise of the dinosaurs, and millions of years before the first flowers appeared, a little-known evolutionary branch was already setting a crucial transformation in motion. Two hundred and sixty million years ago, the therapsids paved the way for the emergence\u2026","rel":"","context":"Dans &quot;Uncategorized&quot;","block_context":{"text":"Uncategorized","link":"https:\/\/pernelmedia.com\/fr\/category\/uncategorised\/"},"img":{"alt_text":"","src":"https:\/\/i0.wp.com\/pernelmedia.com\/wp-content\/uploads\/2026\/03\/mammif-diff-FRANCE-5.jpg?fit=1200%2C675&ssl=1&resize=350%2C200","width":350,"height":200,"srcset":"https:\/\/i0.wp.com\/pernelmedia.com\/wp-content\/uploads\/2026\/03\/mammif-diff-FRANCE-5.jpg?fit=1200%2C675&ssl=1&resize=350%2C200 1x, https:\/\/i0.wp.com\/pernelmedia.com\/wp-content\/uploads\/2026\/03\/mammif-diff-FRANCE-5.jpg?fit=1200%2C675&ssl=1&resize=525%2C300 1.5x, https:\/\/i0.wp.com\/pernelmedia.com\/wp-content\/uploads\/2026\/03\/mammif-diff-FRANCE-5.jpg?fit=1200%2C675&ssl=1&resize=700%2C400 2x, https:\/\/i0.wp.com\/pernelmedia.com\/wp-content\/uploads\/2026\/03\/mammif-diff-FRANCE-5.jpg?fit=1200%2C675&ssl=1&resize=1050%2C600 3x"},"classes":[]},{"id":10956,"url":"https:\/\/pernelmedia.com\/fr\/france-5-will-broadcast-dino-birds-on-thursday-20th-of-february\/","url_meta":{"origin":10867,"position":1},"title":"\"La fabuleuse histoire des oiseaux, des dinosaures parmi nous\" sera diffus\u00e9 sur France 5 le 20 F\u00e9vrier","author":"ferdinandcolin","date":"20th f\u00e9vrier 2025","format":false,"excerpt":"France 5 will broadcast 'Dino Birds' on Thursday 20th of February","rel":"","context":"Dans &quot;Uncategorized&quot;","block_context":{"text":"Uncategorized","link":"https:\/\/pernelmedia.com\/fr\/category\/uncategorised\/"},"img":{"alt_text":"","src":"https:\/\/pernelmedia.com\/wp-content\/uploads\/2021\/08\/290695c_sirius-fs-upload-1-po1dbtnzdjo0-1740043734391-lafabuleusehistoiredesoiseaux-preview-2300.avif","width":350,"height":200,"srcset":"https:\/\/pernelmedia.com\/wp-content\/uploads\/2021\/08\/290695c_sirius-fs-upload-1-po1dbtnzdjo0-1740043734391-lafabuleusehistoiredesoiseaux-preview-2300.avif 1x, https:\/\/pernelmedia.com\/wp-content\/uploads\/2021\/08\/290695c_sirius-fs-upload-1-po1dbtnzdjo0-1740043734391-lafabuleusehistoiredesoiseaux-preview-2300.avif 1.5x, https:\/\/pernelmedia.com\/wp-content\/uploads\/2021\/08\/290695c_sirius-fs-upload-1-po1dbtnzdjo0-1740043734391-lafabuleusehistoiredesoiseaux-preview-2300.avif 2x, https:\/\/pernelmedia.com\/wp-content\/uploads\/2021\/08\/290695c_sirius-fs-upload-1-po1dbtnzdjo0-1740043734391-lafabuleusehistoiredesoiseaux-preview-2300.avif 3x"},"classes":[]},{"id":8044,"url":"https:\/\/pernelmedia.com\/fr\/ceasars-doomsday-war-is-broadcast-on-france-5-on-november-26\/","url_meta":{"origin":10867,"position":2},"title":"\u2018Les France de l'Histoire, sur les traces des Gaulois\u2019 est diffus\u00e9 sur France 5 le dimanche 26 novembre \u00e0 21h05.","author":"ferdinandcolin","date":"20th novembre 2023","format":false,"excerpt":"France 5 will broadcast 'Ceasar\u2019s doomsday war' on Sunday November 26 at 9:05pm.'Les France de l'Histoire' devotes two episodes to the Gauls, with the ambition of making the link between history and territory, between our origins and our identity. The film plunges us into the history and daily life of\u2026","rel":"","context":"Dans &quot;Uncategorized&quot;","block_context":{"text":"Uncategorized","link":"https:\/\/pernelmedia.com\/fr\/category\/uncategorised\/"},"img":{"alt_text":"","src":"https:\/\/i0.wp.com\/pernelmedia.com\/wp-content\/uploads\/2023\/11\/Caesar-15-pernel-media.jpg?fit=1200%2C675&ssl=1&resize=350%2C200","width":350,"height":200,"srcset":"https:\/\/i0.wp.com\/pernelmedia.com\/wp-content\/uploads\/2023\/11\/Caesar-15-pernel-media.jpg?fit=1200%2C675&ssl=1&resize=350%2C200 1x, https:\/\/i0.wp.com\/pernelmedia.com\/wp-content\/uploads\/2023\/11\/Caesar-15-pernel-media.jpg?fit=1200%2C675&ssl=1&resize=525%2C300 1.5x, https:\/\/i0.wp.com\/pernelmedia.com\/wp-content\/uploads\/2023\/11\/Caesar-15-pernel-media.jpg?fit=1200%2C675&ssl=1&resize=700%2C400 2x, https:\/\/i0.wp.com\/pernelmedia.com\/wp-content\/uploads\/2023\/11\/Caesar-15-pernel-media.jpg?fit=1200%2C675&ssl=1&resize=1050%2C600 3x"},"classes":[]},{"id":11586,"url":"https:\/\/pernelmedia.com\/fr\/france-3-will-broadcast-murder-in-millau-on-saturday-january-24\/","url_meta":{"origin":10867,"position":3},"title":"France 3 diffuse samedi 24 janvier \"Meurtres \u00e0 Millau\"","author":"ferdinandcolin","date":"24th janvier 2026","format":false,"excerpt":"France 3 will broadcast \u201cMurder in Millau\u201d on Saturday, January 24. Near the Millau Viaduct, the body of Paul Gasteuil is discovered wearing a devil mask. This disturbing staging appears to be linked to the legend of Sainte-Enimie and intrigues Alice Nerval, the Millau gendarmerie captain assigned to the case.\u2026","rel":"","context":"Dans &quot;Uncategorized&quot;","block_context":{"text":"Uncategorized","link":"https:\/\/pernelmedia.com\/fr\/category\/uncategorised\/"},"img":{"alt_text":"","src":"https:\/\/i0.wp.com\/pernelmedia.com\/wp-content\/uploads\/2026\/03\/diffusion-meurtres-a-millau.jpg?fit=1200%2C800&ssl=1&resize=350%2C200","width":350,"height":200,"srcset":"https:\/\/i0.wp.com\/pernelmedia.com\/wp-content\/uploads\/2026\/03\/diffusion-meurtres-a-millau.jpg?fit=1200%2C800&ssl=1&resize=350%2C200 1x, https:\/\/i0.wp.com\/pernelmedia.com\/wp-content\/uploads\/2026\/03\/diffusion-meurtres-a-millau.jpg?fit=1200%2C800&ssl=1&resize=525%2C300 1.5x, https:\/\/i0.wp.com\/pernelmedia.com\/wp-content\/uploads\/2026\/03\/diffusion-meurtres-a-millau.jpg?fit=1200%2C800&ssl=1&resize=700%2C400 2x, https:\/\/i0.wp.com\/pernelmedia.com\/wp-content\/uploads\/2026\/03\/diffusion-meurtres-a-millau.jpg?fit=1200%2C800&ssl=1&resize=1050%2C600 3x"},"classes":[]},{"id":8167,"url":"https:\/\/pernelmedia.com\/fr\/france-5-airs-after-the-asteroid-in-prime-time-on-may-4\/","url_meta":{"origin":10867,"position":4},"title":"\"Apr\u00e8s la m\u00e9t\u00e9orite, le monde des survivants\" est diffus\u00e9 sur France 5 le 4 mai","author":"ferdinandcolin","date":"22nd mai 2023","format":false,"excerpt":"On May 4 at 9 p.m., France 5 will broadcast our documentary \u2018After the Asteroid\u2019.Directed by Thomas Cirotteau, this documentary traces the history of life during the first million years after the extinction of the dinosaurs. Read the Sciences et Avenir article about it.See the trailer","rel":"","context":"Dans &quot;Uncategorized&quot;","block_context":{"text":"Uncategorized","link":"https:\/\/pernelmedia.com\/fr\/category\/uncategorised\/"},"img":{"alt_text":"After the asteroid, a Pernel Media documentary series","src":"https:\/\/i0.wp.com\/pernelmedia.com\/wp-content\/uploads\/2021\/08\/After_the_Asteroid-Paleo_impact_asteroid2.jpg?fit=1200%2C692&ssl=1&resize=350%2C200","width":350,"height":200,"srcset":"https:\/\/i0.wp.com\/pernelmedia.com\/wp-content\/uploads\/2021\/08\/After_the_Asteroid-Paleo_impact_asteroid2.jpg?fit=1200%2C692&ssl=1&resize=350%2C200 1x, https:\/\/i0.wp.com\/pernelmedia.com\/wp-content\/uploads\/2021\/08\/After_the_Asteroid-Paleo_impact_asteroid2.jpg?fit=1200%2C692&ssl=1&resize=525%2C300 1.5x, https:\/\/i0.wp.com\/pernelmedia.com\/wp-content\/uploads\/2021\/08\/After_the_Asteroid-Paleo_impact_asteroid2.jpg?fit=1200%2C692&ssl=1&resize=700%2C400 2x, https:\/\/i0.wp.com\/pernelmedia.com\/wp-content\/uploads\/2021\/08\/After_the_Asteroid-Paleo_impact_asteroid2.jpg?fit=1200%2C692&ssl=1&resize=1050%2C600 3x"},"classes":[]},{"id":11573,"url":"https:\/\/pernelmedia.com\/fr\/raiders-of-the-lost-pharaohs-on-france-5\/","url_meta":{"origin":10867,"position":5},"title":"\u00ab Les Aventuriers de l\u2019\u00c9gypte antique \u00bb, du grand spectacle sur France 5","author":"ferdinandcolin","date":"18th d\u00e9cembre 2025","format":false,"excerpt":"It\u2019s airing now in France - and coming soon to a broadcaster \/ platform near you ! \"Raiders of the Lost Phaorahs\" is a documentary series featuring breathtaking visuals, perfect for family viewing every Thursday at 9:05 PM on France 5 and available for replay on France.tv. Combining rigorous scholarship\u2026","rel":"","context":"Dans &quot;Uncategorized&quot;","block_context":{"text":"Uncategorized","link":"https:\/\/pernelmedia.com\/fr\/category\/uncategorised\/"},"img":{"alt_text":"","src":"https:\/\/i0.wp.com\/pernelmedia.com\/wp-content\/uploads\/2026\/03\/aventuriers-diff-france-5.jpg?fit=1200%2C675&ssl=1&resize=350%2C200","width":350,"height":200,"srcset":"https:\/\/i0.wp.com\/pernelmedia.com\/wp-content\/uploads\/2026\/03\/aventuriers-diff-france-5.jpg?fit=1200%2C675&ssl=1&resize=350%2C200 1x, https:\/\/i0.wp.com\/pernelmedia.com\/wp-content\/uploads\/2026\/03\/aventuriers-diff-france-5.jpg?fit=1200%2C675&ssl=1&resize=525%2C300 1.5x, https:\/\/i0.wp.com\/pernelmedia.com\/wp-content\/uploads\/2026\/03\/aventuriers-diff-france-5.jpg?fit=1200%2C675&ssl=1&resize=700%2C400 2x, https:\/\/i0.wp.com\/pernelmedia.com\/wp-content\/uploads\/2026\/03\/aventuriers-diff-france-5.jpg?fit=1200%2C675&ssl=1&resize=1050%2C600 3x"},"classes":[]}],"_links":{"self":[{"href":"https:\/\/pernelmedia.com\/fr\/wp-json\/wp\/v2\/posts\/10867","targetHints":{"allow":["GET"]}}],"collection":[{"href":"https:\/\/pernelmedia.com\/fr\/wp-json\/wp\/v2\/posts"}],"about":[{"href":"https:\/\/pernelmedia.com\/fr\/wp-json\/wp\/v2\/types\/post"}],"author":[{"embeddable":true,"href":"https:\/\/pernelmedia.com\/fr\/wp-json\/wp\/v2\/users\/234053483"}],"replies":[{"embeddable":true,"href":"https:\/\/pernelmedia.com\/fr\/wp-json\/wp\/v2\/comments?post=10867"}],"version-history":[{"count":8,"href":"https:\/\/pernelmedia.com\/fr\/wp-json\/wp\/v2\/posts\/10867\/revisions"}],"predecessor-version":[{"id":10947,"href":"https:\/\/pernelmedia.com\/fr\/wp-json\/wp\/v2\/posts\/10867\/revisions\/10947"}],"wp:featuredmedia":[{"embeddable":true,"href":"https:\/\/pernelmedia.com\/fr\/wp-json\/wp\/v2\/media\/10926"}],"wp:attachment":[{"href":"https:\/\/pernelmedia.com\/fr\/wp-json\/wp\/v2\/media?parent=10867"}],"wp:term":[{"taxonomy":"category","embeddable":true,"href":"https:\/\/pernelmedia.com\/fr\/wp-json\/wp\/v2\/categories?post=10867"},{"taxonomy":"post_tag","embeddable":true,"href":"https:\/\/pernelmedia.com\/fr\/wp-json\/wp\/v2\/tags?post=10867"}],"curies":[{"name":"wp","href":"https:\/\/api.w.org\/{rel}","templated":true}]}}