{"id":10934,"date":"2025-03-19T10:29:54","date_gmt":"2025-03-19T10:29:54","guid":{"rendered":"https:\/\/pernelmedia.com\/?p=10934"},"modified":"2025-04-28T10:31:01","modified_gmt":"2025-04-28T09:31:01","slug":"incredible-press-coverage-for-the-au-pair","status":"publish","type":"post","link":"https:\/\/pernelmedia.com\/fr\/incredible-press-coverage-for-the-au-pair\/","title":{"rendered":"Une presse incroyable pour The Au Pair !"},"content":{"rendered":"<div data-elementor-type=\"wp-post\" data-elementor-id=\"10934\" class=\"elementor elementor-10934\" data-elementor-post-type=\"post\">\n\t\t\t\t\t\t<section class=\"elementor-section elementor-top-section elementor-element elementor-element-1698d44b elementor-section-boxed elementor-section-height-default elementor-section-height-default\" data-id=\"1698d44b\" data-element_type=\"section\" data-e-type=\"section\">\n\t\t\t\t\t\t<div class=\"elementor-container elementor-column-gap-default\">\n\t\t\t\t\t<div class=\"elementor-column elementor-col-100 elementor-top-column elementor-element elementor-element-47f852ce\" data-id=\"47f852ce\" data-element_type=\"column\" data-e-type=\"column\">\n\t\t\t<div class=\"elementor-widget-wrap elementor-element-populated\">\n\t\t\t\t\t\t<div class=\"elementor-element elementor-element-523d6608 elementor-widget elementor-widget-text-editor\" data-id=\"523d6608\" data-element_type=\"widget\" data-e-type=\"widget\" data-widget_type=\"text-editor.default\">\n\t\t\t\t<div class=\"elementor-widget-container\">\n\t\t\t\t\t\t\t\t\t<p>Quel plaisir de d\u00e9couvrir enfin notre s\u00e9rie The Au Pair diffus\u00e9e la semaine derni\u00e8re sur Channel 5 !<br \/>Et quelle incroyable couverture m\u00e9diatique !<\/p><p>Si vous l\u2019avez manqu\u00e9e, vous pouvez la regarder <a href=\"https:\/\/www.channel5.com\/show\/the-au-pair\">ici<\/a><\/p><p>R\u00e9alis\u00e9 par Oonagh Kearney<br \/>\u00c9crit par Michael Foott et Andy Bayliss<br \/>Produit par Samuel Kissous, Pernel Media et Julie Ryan, MK1 Studios Productions<br \/>Channel 5 CANAL+ Group ITV Studios<\/p>\t\t\t\t\t\t\t\t<\/div>\n\t\t\t\t<\/div>\n\t\t\t\t\t<\/div>\n\t\t<\/div>\n\t\t\t\t\t<\/div>\n\t\t<\/section>\n\t\t\t\t<section class=\"elementor-section elementor-top-section elementor-element elementor-element-2295cff elementor-section-boxed elementor-section-height-default elementor-section-height-default\" data-id=\"2295cff\" data-element_type=\"section\" data-e-type=\"section\">\n\t\t\t\t\t\t<div class=\"elementor-container elementor-column-gap-default\">\n\t\t\t\t\t<div class=\"elementor-column elementor-col-33 elementor-top-column elementor-element elementor-element-23f06d3\" data-id=\"23f06d3\" data-element_type=\"column\" data-e-type=\"column\">\n\t\t\t<div class=\"elementor-widget-wrap elementor-element-populated\">\n\t\t\t\t\t\t<div class=\"elementor-element elementor-element-97ceaa6 elementor-widget elementor-widget-image\" data-id=\"97ceaa6\" data-element_type=\"widget\" data-e-type=\"widget\" data-widget_type=\"image.default\">\n\t\t\t\t<div class=\"elementor-widget-container\">\n\t\t\t\t\t\t\t\t\t\t\t\t\t\t\t<img fetchpriority=\"high\" decoding=\"async\" data-attachment-id=\"10939\" data-permalink=\"https:\/\/pernelmedia.com\/fr\/1742379801439\/\" data-orig-file=\"https:\/\/i0.wp.com\/pernelmedia.com\/wp-content\/uploads\/2021\/08\/1742379801439.jpeg?fit=1280%2C1848&amp;ssl=1\" data-orig-size=\"1280,1848\" data-comments-opened=\"0\" data-image-meta=\"{&quot;aperture&quot;:&quot;0&quot;,&quot;credit&quot;:&quot;&quot;,&quot;camera&quot;:&quot;&quot;,&quot;caption&quot;:&quot;&quot;,&quot;created_timestamp&quot;:&quot;0&quot;,&quot;copyright&quot;:&quot;&quot;,&quot;focal_length&quot;:&quot;0&quot;,&quot;iso&quot;:&quot;0&quot;,&quot;shutter_speed&quot;:&quot;0&quot;,&quot;title&quot;:&quot;&quot;,&quot;orientation&quot;:&quot;0&quot;}\" data-image-title=\"1742379801439\" data-image-description=\"\" data-image-caption=\"\" data-large-file=\"https:\/\/i0.wp.com\/pernelmedia.com\/wp-content\/uploads\/2021\/08\/1742379801439.jpeg?fit=709%2C1024&amp;ssl=1\" width=\"709\" height=\"1024\" src=\"https:\/\/i0.wp.com\/pernelmedia.com\/wp-content\/uploads\/2021\/08\/1742379801439.jpeg?fit=709%2C1024&amp;ssl=1\" class=\"attachment-large size-large wp-image-10939\" alt=\"\" srcset=\"https:\/\/i0.wp.com\/pernelmedia.com\/wp-content\/uploads\/2021\/08\/1742379801439.jpeg?w=1280&amp;ssl=1 1280w, https:\/\/i0.wp.com\/pernelmedia.com\/wp-content\/uploads\/2021\/08\/1742379801439.jpeg?resize=208%2C300&amp;ssl=1 208w, https:\/\/i0.wp.com\/pernelmedia.com\/wp-content\/uploads\/2021\/08\/1742379801439.jpeg?resize=709%2C1024&amp;ssl=1 709w, https:\/\/i0.wp.com\/pernelmedia.com\/wp-content\/uploads\/2021\/08\/1742379801439.jpeg?resize=768%2C1109&amp;ssl=1 768w, https:\/\/i0.wp.com\/pernelmedia.com\/wp-content\/uploads\/2021\/08\/1742379801439.jpeg?resize=1064%2C1536&amp;ssl=1 1064w, https:\/\/i0.wp.com\/pernelmedia.com\/wp-content\/uploads\/2021\/08\/1742379801439.jpeg?resize=8%2C12&amp;ssl=1 8w\" sizes=\"(max-width: 709px) 100vw, 709px\" \/>\t\t\t\t\t\t\t\t\t\t\t\t\t\t\t<\/div>\n\t\t\t\t<\/div>\n\t\t\t\t\t<\/div>\n\t\t<\/div>\n\t\t\t\t<div class=\"elementor-column elementor-col-33 elementor-top-column elementor-element elementor-element-73f4d69\" data-id=\"73f4d69\" data-element_type=\"column\" data-e-type=\"column\">\n\t\t\t<div class=\"elementor-widget-wrap elementor-element-populated\">\n\t\t\t\t\t\t<div class=\"elementor-element elementor-element-c8d3110 elementor-widget elementor-widget-image\" data-id=\"c8d3110\" data-element_type=\"widget\" data-e-type=\"widget\" data-widget_type=\"image.default\">\n\t\t\t\t<div class=\"elementor-widget-container\">\n\t\t\t\t\t\t\t\t\t\t\t\t\t\t\t<img decoding=\"async\" data-attachment-id=\"10938\" data-permalink=\"https:\/\/pernelmedia.com\/fr\/1742379801701\/\" data-orig-file=\"https:\/\/i0.wp.com\/pernelmedia.com\/wp-content\/uploads\/2021\/08\/1742379801701.jpeg?fit=1280%2C1848&amp;ssl=1\" data-orig-size=\"1280,1848\" data-comments-opened=\"0\" data-image-meta=\"{&quot;aperture&quot;:&quot;0&quot;,&quot;credit&quot;:&quot;&quot;,&quot;camera&quot;:&quot;&quot;,&quot;caption&quot;:&quot;&quot;,&quot;created_timestamp&quot;:&quot;0&quot;,&quot;copyright&quot;:&quot;&quot;,&quot;focal_length&quot;:&quot;0&quot;,&quot;iso&quot;:&quot;0&quot;,&quot;shutter_speed&quot;:&quot;0&quot;,&quot;title&quot;:&quot;&quot;,&quot;orientation&quot;:&quot;0&quot;}\" data-image-title=\"1742379801701\" data-image-description=\"\" data-image-caption=\"\" data-large-file=\"https:\/\/i0.wp.com\/pernelmedia.com\/wp-content\/uploads\/2021\/08\/1742379801701.jpeg?fit=709%2C1024&amp;ssl=1\" width=\"709\" height=\"1024\" src=\"https:\/\/i0.wp.com\/pernelmedia.com\/wp-content\/uploads\/2021\/08\/1742379801701.jpeg?fit=709%2C1024&amp;ssl=1\" class=\"attachment-large size-large wp-image-10938\" alt=\"\" srcset=\"https:\/\/i0.wp.com\/pernelmedia.com\/wp-content\/uploads\/2021\/08\/1742379801701.jpeg?w=1280&amp;ssl=1 1280w, https:\/\/i0.wp.com\/pernelmedia.com\/wp-content\/uploads\/2021\/08\/1742379801701.jpeg?resize=208%2C300&amp;ssl=1 208w, https:\/\/i0.wp.com\/pernelmedia.com\/wp-content\/uploads\/2021\/08\/1742379801701.jpeg?resize=709%2C1024&amp;ssl=1 709w, https:\/\/i0.wp.com\/pernelmedia.com\/wp-content\/uploads\/2021\/08\/1742379801701.jpeg?resize=768%2C1109&amp;ssl=1 768w, https:\/\/i0.wp.com\/pernelmedia.com\/wp-content\/uploads\/2021\/08\/1742379801701.jpeg?resize=1064%2C1536&amp;ssl=1 1064w, https:\/\/i0.wp.com\/pernelmedia.com\/wp-content\/uploads\/2021\/08\/1742379801701.jpeg?resize=8%2C12&amp;ssl=1 8w\" sizes=\"(max-width: 709px) 100vw, 709px\" \/>\t\t\t\t\t\t\t\t\t\t\t\t\t\t\t<\/div>\n\t\t\t\t<\/div>\n\t\t\t\t\t<\/div>\n\t\t<\/div>\n\t\t\t\t<div class=\"elementor-column elementor-col-33 elementor-top-column elementor-element elementor-element-978276f\" data-id=\"978276f\" data-element_type=\"column\" data-e-type=\"column\">\n\t\t\t<div class=\"elementor-widget-wrap elementor-element-populated\">\n\t\t\t\t\t\t<div class=\"elementor-element elementor-element-a30486b elementor-widget elementor-widget-image\" data-id=\"a30486b\" data-element_type=\"widget\" data-e-type=\"widget\" data-widget_type=\"image.default\">\n\t\t\t\t<div class=\"elementor-widget-container\">\n\t\t\t\t\t\t\t\t\t\t\t\t\t\t\t<img decoding=\"async\" data-attachment-id=\"10937\" data-permalink=\"https:\/\/pernelmedia.com\/fr\/1742379801853\/\" data-orig-file=\"https:\/\/i0.wp.com\/pernelmedia.com\/wp-content\/uploads\/2021\/08\/1742379801853.jpeg?fit=1280%2C1848&amp;ssl=1\" data-orig-size=\"1280,1848\" data-comments-opened=\"0\" data-image-meta=\"{&quot;aperture&quot;:&quot;0&quot;,&quot;credit&quot;:&quot;&quot;,&quot;camera&quot;:&quot;&quot;,&quot;caption&quot;:&quot;&quot;,&quot;created_timestamp&quot;:&quot;0&quot;,&quot;copyright&quot;:&quot;&quot;,&quot;focal_length&quot;:&quot;0&quot;,&quot;iso&quot;:&quot;0&quot;,&quot;shutter_speed&quot;:&quot;0&quot;,&quot;title&quot;:&quot;&quot;,&quot;orientation&quot;:&quot;0&quot;}\" data-image-title=\"1742379801853\" data-image-description=\"\" data-image-caption=\"\" data-large-file=\"https:\/\/i0.wp.com\/pernelmedia.com\/wp-content\/uploads\/2021\/08\/1742379801853.jpeg?fit=709%2C1024&amp;ssl=1\" width=\"709\" height=\"1024\" src=\"https:\/\/i0.wp.com\/pernelmedia.com\/wp-content\/uploads\/2021\/08\/1742379801853.jpeg?fit=709%2C1024&amp;ssl=1\" class=\"attachment-large size-large wp-image-10937\" alt=\"\" srcset=\"https:\/\/i0.wp.com\/pernelmedia.com\/wp-content\/uploads\/2021\/08\/1742379801853.jpeg?w=1280&amp;ssl=1 1280w, https:\/\/i0.wp.com\/pernelmedia.com\/wp-content\/uploads\/2021\/08\/1742379801853.jpeg?resize=208%2C300&amp;ssl=1 208w, https:\/\/i0.wp.com\/pernelmedia.com\/wp-content\/uploads\/2021\/08\/1742379801853.jpeg?resize=709%2C1024&amp;ssl=1 709w, https:\/\/i0.wp.com\/pernelmedia.com\/wp-content\/uploads\/2021\/08\/1742379801853.jpeg?resize=768%2C1109&amp;ssl=1 768w, https:\/\/i0.wp.com\/pernelmedia.com\/wp-content\/uploads\/2021\/08\/1742379801853.jpeg?resize=1064%2C1536&amp;ssl=1 1064w, https:\/\/i0.wp.com\/pernelmedia.com\/wp-content\/uploads\/2021\/08\/1742379801853.jpeg?resize=8%2C12&amp;ssl=1 8w\" sizes=\"(max-width: 709px) 100vw, 709px\" \/>\t\t\t\t\t\t\t\t\t\t\t\t\t\t\t<\/div>\n\t\t\t\t<\/div>\n\t\t\t\t\t<\/div>\n\t\t<\/div>\n\t\t\t\t\t<\/div>\n\t\t<\/section>\n\t\t\t\t<\/div>","protected":false},"excerpt":{"rendered":"<p>Une presse incroyable pour The Au Pair !<\/p>","protected":false},"author":234053483,"featured_media":10940,"comment_status":"closed","ping_status":"closed","sticky":false,"template":"","format":"standard","meta":{"_acf_changed":false,"_crdt_document":"","advanced_seo_description":"","jetpack_seo_html_title":"","jetpack_seo_noindex":false,"footnotes":"","jetpack_publicize_message":"","jetpack_publicize_feature_enabled":true,"jetpack_social_post_already_shared":true,"jetpack_social_options":{"image_generator_settings":{"template":"highway","default_image_id":0,"font":"","enabled":false},"version":2},"_wpas_customize_per_network":false,"jetpack_post_was_ever_published":false},"categories":[97],"tags":[],"class_list":["post-10934","post","type-post","status-publish","format-standard","has-post-thumbnail","hentry","category-uncategorised"],"acf":[],"jetpack_publicize_connections":[],"jetpack_featured_media_url":"https:\/\/i0.wp.com\/pernelmedia.com\/wp-content\/uploads\/2021\/08\/The-Au-Pair-series-still.webp?fit=4000%2C2251&ssl=1","jetpack_likes_enabled":true,"jetpack_sharing_enabled":true,"jetpack_shortlink":"https:\/\/wp.me\/peJO5x-2Qm","jetpack-related-posts":[{"id":10823,"url":"https:\/\/pernelmedia.com\/fr\/channel-5-commissions-thriller-the-au-pair\/","url_meta":{"origin":10934,"position":0},"title":"Channel 5 commande le thriller The Au Pair, produit par Pernel Media","author":"ferdinandcolin","date":"27th juin 2024","format":false,"excerpt":"Channel 5 commissions thriller, The Au Pair","rel":"","context":"Dans &quot;Uncategorized&quot;","block_context":{"text":"Uncategorized","link":"https:\/\/pernelmedia.com\/fr\/category\/uncategorised\/"},"img":{"alt_text":"","src":"https:\/\/i0.wp.com\/pernelmedia.com\/wp-content\/uploads\/2021\/08\/au-pair-pernel-channel-5-itv-studios.jpg?fit=956%2C538&ssl=1&resize=350%2C200","width":350,"height":200,"srcset":"https:\/\/i0.wp.com\/pernelmedia.com\/wp-content\/uploads\/2021\/08\/au-pair-pernel-channel-5-itv-studios.jpg?fit=956%2C538&ssl=1&resize=350%2C200 1x, https:\/\/i0.wp.com\/pernelmedia.com\/wp-content\/uploads\/2021\/08\/au-pair-pernel-channel-5-itv-studios.jpg?fit=956%2C538&ssl=1&resize=525%2C300 1.5x, https:\/\/i0.wp.com\/pernelmedia.com\/wp-content\/uploads\/2021\/08\/au-pair-pernel-channel-5-itv-studios.jpg?fit=956%2C538&ssl=1&resize=700%2C400 2x"},"classes":[]},{"id":10816,"url":"https:\/\/pernelmedia.com\/fr\/ghettos-in-the-holocaust-in-official-competition-at-fipadoc-2\/","url_meta":{"origin":10934,"position":1},"title":"Virginie Ledoyen rejoint la s\u00e9rie t\u00e9l\u00e9vis\u00e9e The Au Pair aux c\u00f4t\u00e9s de David Suchet","author":"ferdinandcolin","date":"10th septembre 2024","format":false,"excerpt":"Virginie Ledoyen rejoint la s\u00e9rie t\u00e9l\u00e9vis\u00e9e The Au Pair aux c\u00f4t\u00e9s de David Suchet","rel":"","context":"Dans &quot;Uncategorized&quot;","block_context":{"text":"Uncategorized","link":"https:\/\/pernelmedia.com\/fr\/category\/uncategorised\/"},"img":{"alt_text":"","src":"https:\/\/i0.wp.com\/pernelmedia.com\/wp-content\/uploads\/2021\/08\/7678762-virginie-ledoyen-avant-premiere-du-fil-1200x0-2.webp?fit=904%2C1200&ssl=1&resize=350%2C200","width":350,"height":200,"srcset":"https:\/\/i0.wp.com\/pernelmedia.com\/wp-content\/uploads\/2021\/08\/7678762-virginie-ledoyen-avant-premiere-du-fil-1200x0-2.webp?fit=904%2C1200&ssl=1&resize=350%2C200 1x, https:\/\/i0.wp.com\/pernelmedia.com\/wp-content\/uploads\/2021\/08\/7678762-virginie-ledoyen-avant-premiere-du-fil-1200x0-2.webp?fit=904%2C1200&ssl=1&resize=525%2C300 1.5x, https:\/\/i0.wp.com\/pernelmedia.com\/wp-content\/uploads\/2021\/08\/7678762-virginie-ledoyen-avant-premiere-du-fil-1200x0-2.webp?fit=904%2C1200&ssl=1&resize=700%2C400 2x"},"classes":[]},{"id":10832,"url":"https:\/\/pernelmedia.com\/fr\/the-au-pair-premieres-on-channel-5-on-monday-10th-march-2025\/","url_meta":{"origin":10934,"position":2},"title":"The Au Pair sera diffus\u00e9 sur Channel 5 le lundi 10 mars 2025 !","author":"ferdinandcolin","date":"6th mars 2025","format":false,"excerpt":"The Au Pair premieres on Channel 5 on Monday 10th March 2025","rel":"","context":"Dans &quot;Uncategorized&quot;","block_context":{"text":"Uncategorized","link":"https:\/\/pernelmedia.com\/fr\/category\/uncategorised\/"},"img":{"alt_text":"","src":"https:\/\/i0.wp.com\/pernelmedia.com\/wp-content\/uploads\/2021\/08\/the-au-pair-channel-5-5dab0fa.jpg?fit=1200%2C800&ssl=1&resize=350%2C200","width":350,"height":200,"srcset":"https:\/\/i0.wp.com\/pernelmedia.com\/wp-content\/uploads\/2021\/08\/the-au-pair-channel-5-5dab0fa.jpg?fit=1200%2C800&ssl=1&resize=350%2C200 1x, https:\/\/i0.wp.com\/pernelmedia.com\/wp-content\/uploads\/2021\/08\/the-au-pair-channel-5-5dab0fa.jpg?fit=1200%2C800&ssl=1&resize=525%2C300 1.5x, https:\/\/i0.wp.com\/pernelmedia.com\/wp-content\/uploads\/2021\/08\/the-au-pair-channel-5-5dab0fa.jpg?fit=1200%2C800&ssl=1&resize=700%2C400 2x, https:\/\/i0.wp.com\/pernelmedia.com\/wp-content\/uploads\/2021\/08\/the-au-pair-channel-5-5dab0fa.jpg?fit=1200%2C800&ssl=1&resize=1050%2C600 3x"},"classes":[]},{"id":11569,"url":"https:\/\/pernelmedia.com\/fr\/the-rise-and-fall-of-the-inca-coming-soon-worldwide-on-national-geographic\/","url_meta":{"origin":10934,"position":3},"title":"\"Le Myst\u00e8res des Incas, des origines \u00e0 la chute\" bient\u00f4t diffus\u00e9 dans le monde entier sur National Geographic","author":"ferdinandcolin","date":"12th d\u00e9cembre 2025","format":false,"excerpt":"The Rise and Fall of the Inca' is soon airing on National Geographic worldwide! A big thanks to Quentin Domart and elsa haharfi for directing this ambitious series, to our partners RMC D\u00e9couverte, Histoire TV, ZDFinfo, ZDF Studios, TV5 Qu\u00e9bec Canada and ITV Studios for trusting us once again. Brilliant\u2026","rel":"","context":"Dans &quot;Uncategorized&quot;","block_context":{"text":"Uncategorized","link":"https:\/\/pernelmedia.com\/fr\/category\/uncategorised\/"},"img":{"alt_text":"","src":"https:\/\/i0.wp.com\/pernelmedia.com\/wp-content\/uploads\/2021\/08\/PERNEL_INCAS_EP01_PHOTO_HD_16.jpg?fit=1200%2C675&ssl=1&resize=350%2C200","width":350,"height":200,"srcset":"https:\/\/i0.wp.com\/pernelmedia.com\/wp-content\/uploads\/2021\/08\/PERNEL_INCAS_EP01_PHOTO_HD_16.jpg?fit=1200%2C675&ssl=1&resize=350%2C200 1x, https:\/\/i0.wp.com\/pernelmedia.com\/wp-content\/uploads\/2021\/08\/PERNEL_INCAS_EP01_PHOTO_HD_16.jpg?fit=1200%2C675&ssl=1&resize=525%2C300 1.5x, https:\/\/i0.wp.com\/pernelmedia.com\/wp-content\/uploads\/2021\/08\/PERNEL_INCAS_EP01_PHOTO_HD_16.jpg?fit=1200%2C675&ssl=1&resize=700%2C400 2x, https:\/\/i0.wp.com\/pernelmedia.com\/wp-content\/uploads\/2021\/08\/PERNEL_INCAS_EP01_PHOTO_HD_16.jpg?fit=1200%2C675&ssl=1&resize=1050%2C600 3x"},"classes":[]},{"id":3822,"url":"https:\/\/pernelmedia.com\/fr\/realscreen-pernel-media-names-mediawan-vet-jean-marc-rouhette-as-companys-first-coo\/","url_meta":{"origin":10934,"position":4},"title":"ZDF Studios explore les myst\u00e8res de la Bible","author":"pernelmedia","date":"19th mai 2022","format":false,"excerpt":"NEWS BRIEF: Germany\u2019s ZDF Studios has picked up the international distribution rights to French documentary series Mysteries of the Bible.","rel":"","context":"Dans &quot;Uncategorized&quot;","block_context":{"text":"Uncategorized","link":"https:\/\/pernelmedia.com\/fr\/category\/uncategorised\/"},"img":{"alt_text":"","src":"https:\/\/i0.wp.com\/pernelmedia.com\/wp-content\/uploads\/2023\/06\/Mysteries-of-the-Bible-pernel-media.jpeg?fit=1200%2C944&ssl=1&resize=350%2C200","width":350,"height":200,"srcset":"https:\/\/i0.wp.com\/pernelmedia.com\/wp-content\/uploads\/2023\/06\/Mysteries-of-the-Bible-pernel-media.jpeg?fit=1200%2C944&ssl=1&resize=350%2C200 1x, https:\/\/i0.wp.com\/pernelmedia.com\/wp-content\/uploads\/2023\/06\/Mysteries-of-the-Bible-pernel-media.jpeg?fit=1200%2C944&ssl=1&resize=525%2C300 1.5x, https:\/\/i0.wp.com\/pernelmedia.com\/wp-content\/uploads\/2023\/06\/Mysteries-of-the-Bible-pernel-media.jpeg?fit=1200%2C944&ssl=1&resize=700%2C400 2x, https:\/\/i0.wp.com\/pernelmedia.com\/wp-content\/uploads\/2023\/06\/Mysteries-of-the-Bible-pernel-media.jpeg?fit=1200%2C944&ssl=1&resize=1050%2C600 3x"},"classes":[]},{"id":11719,"url":"https:\/\/pernelmedia.com\/fr\/pernel-media-kim-kardashians-paris-robbery-getting-four-part-docuseries-kim-the-diamond-and-the-grandpa-robbers\/","url_meta":{"origin":10934,"position":5},"title":"\u201cKim, le diamant et les papys braqueurs\u201d : Pernel Media revisite le casse de Kim Kardashian","author":"ferdinandcolin","date":"24th avril 2026","format":false,"excerpt":"Kim Kardashian\u2018s robbery at gunpoint in an apartment during the 2016 Paris Fashion Week is getting the docuseries treatment. \u201cKim, the Diamond and the Grandpa Robbers,\u201d is a four-part series from Pernel Media (\u201cMissed Call,\u201d \u201cThe Au Pair\u2019\u201d) for Canal+. The series pulls back the curtain on one of the\u2026","rel":"","context":"Dans &quot;Uncategorized&quot;","block_context":{"text":"Uncategorized","link":"https:\/\/pernelmedia.com\/fr\/category\/uncategorised\/"},"img":{"alt_text":"","src":"https:\/\/i0.wp.com\/pernelmedia.com\/wp-content\/uploads\/2026\/04\/annonce-kim-k.webp?fit=1000%2C667&ssl=1&resize=350%2C200","width":350,"height":200,"srcset":"https:\/\/i0.wp.com\/pernelmedia.com\/wp-content\/uploads\/2026\/04\/annonce-kim-k.webp?fit=1000%2C667&ssl=1&resize=350%2C200 1x, https:\/\/i0.wp.com\/pernelmedia.com\/wp-content\/uploads\/2026\/04\/annonce-kim-k.webp?fit=1000%2C667&ssl=1&resize=525%2C300 1.5x, https:\/\/i0.wp.com\/pernelmedia.com\/wp-content\/uploads\/2026\/04\/annonce-kim-k.webp?fit=1000%2C667&ssl=1&resize=700%2C400 2x"},"classes":[]}],"_links":{"self":[{"href":"https:\/\/pernelmedia.com\/fr\/wp-json\/wp\/v2\/posts\/10934","targetHints":{"allow":["GET"]}}],"collection":[{"href":"https:\/\/pernelmedia.com\/fr\/wp-json\/wp\/v2\/posts"}],"about":[{"href":"https:\/\/pernelmedia.com\/fr\/wp-json\/wp\/v2\/types\/post"}],"author":[{"embeddable":true,"href":"https:\/\/pernelmedia.com\/fr\/wp-json\/wp\/v2\/users\/234053483"}],"replies":[{"embeddable":true,"href":"https:\/\/pernelmedia.com\/fr\/wp-json\/wp\/v2\/comments?post=10934"}],"version-history":[{"count":7,"href":"https:\/\/pernelmedia.com\/fr\/wp-json\/wp\/v2\/posts\/10934\/revisions"}],"predecessor-version":[{"id":10946,"href":"https:\/\/pernelmedia.com\/fr\/wp-json\/wp\/v2\/posts\/10934\/revisions\/10946"}],"wp:featuredmedia":[{"embeddable":true,"href":"https:\/\/pernelmedia.com\/fr\/wp-json\/wp\/v2\/media\/10940"}],"wp:attachment":[{"href":"https:\/\/pernelmedia.com\/fr\/wp-json\/wp\/v2\/media?parent=10934"}],"wp:term":[{"taxonomy":"category","embeddable":true,"href":"https:\/\/pernelmedia.com\/fr\/wp-json\/wp\/v2\/categories?post=10934"},{"taxonomy":"post_tag","embeddable":true,"href":"https:\/\/pernelmedia.com\/fr\/wp-json\/wp\/v2\/tags?post=10934"}],"curies":[{"name":"wp","href":"https:\/\/api.w.org\/{rel}","templated":true}]}}