{"id":11582,"date":"2026-01-15T17:39:30","date_gmt":"2026-01-15T17:39:30","guid":{"rendered":"https:\/\/pernelmedia.com\/?p=11582"},"modified":"2026-03-02T17:39:57","modified_gmt":"2026-03-02T17:39:57","slug":"tonight-france-5-presents-presents-mammal-origins","status":"publish","type":"post","link":"https:\/\/pernelmedia.com\/fr\/tonight-france-5-presents-presents-mammal-origins\/","title":{"rendered":"Ce soir sur France 5 'Les origines des mammif\u00e8res - le monde avant les dinosaures'!"},"content":{"rendered":"<p>Ce soir sur France 5 'Les origines des mammif\u00e8res - le monde avant les dinosaures'!<\/p>\n<p>Bien avant l\u2019apparition des dinosaures, et des millions d\u2019ann\u00e9es avant les premi\u00e8res fleurs, une branche \u00e9volutive encore m\u00e9connue amor\u00e7ait d\u00e9j\u00e0 une transformation d\u00e9cisive.<br \/>\nIl y a 260 millions d\u2019ann\u00e9es, les th\u00e9rapsides ouvraient la voie \u00e0 l\u2019\u00e9mergence des mammif\u00e8res \u2014 et, \u00e0 terme, \u00e0 la n\u00f4tre.<\/p>\n<p>Ce projet a vu le jour gr\u00e2ce au soutien et \u00e0 la fid\u00e9lit\u00e9 de nos partenaires :<br \/>\nFrance T\u00e9l\u00e9visions, GBH NOVA (PBS), NHK, Japan Broadcasting Corporation, Ushuaia TV, Radio-Canada et ZDF Studios.<\/p>","protected":false},"excerpt":{"rendered":"<p>Tonight, France 5 presents presents \u201cMammal Origins.\u201d Long before the rise of the dinosaurs, and millions of years before the first flowers appeared, a little-known evolutionary branch was already setting a crucial transformation in motion. Two hundred and sixty million years ago, the therapsids paved the way for the emergence of mammals \u2014 and ultimately, [&hellip;]<\/p>\n","protected":false},"author":234053483,"featured_media":11584,"comment_status":"closed","ping_status":"closed","sticky":false,"template":"","format":"standard","meta":{"_acf_changed":false,"_crdt_document":"","advanced_seo_description":"","jetpack_seo_html_title":"","jetpack_seo_noindex":false,"footnotes":"","jetpack_publicize_message":"","jetpack_publicize_feature_enabled":true,"jetpack_social_post_already_shared":true,"jetpack_social_options":{"image_generator_settings":{"template":"highway","default_image_id":0,"font":"","enabled":false},"version":2},"_wpas_customize_per_network":false,"jetpack_post_was_ever_published":false},"categories":[97],"tags":[],"class_list":["post-11582","post","type-post","status-publish","format-standard","has-post-thumbnail","hentry","category-uncategorised"],"acf":[],"jetpack_publicize_connections":[],"jetpack_featured_media_url":"https:\/\/i0.wp.com\/pernelmedia.com\/wp-content\/uploads\/2026\/03\/mammif-diff-FRANCE-5.jpg?fit=3840%2C2160&ssl=1","jetpack_likes_enabled":true,"jetpack_sharing_enabled":true,"jetpack_shortlink":"https:\/\/wp.me\/peJO5x-30O","jetpack-related-posts":[{"id":11596,"url":"https:\/\/pernelmedia.com\/fr\/tonight-on-nova-gbh-pbs-at-9pm-eastern-mammal-origins\/","url_meta":{"origin":11582,"position":0},"title":"Ce soir sur NOVA (GBH PBS) \u00e0 21h (heure de l\u2019Est), \u00ab Aux origines des mammif\u00e8res \u00bb.","author":"ferdinandcolin","date":"11th f\u00e9vrier 2026","format":false,"excerpt":"NOVA (GBH PBS) will broadcast at 9PM tonight (11\/02) \"Mammals Origins\"! Before the dinosaurs. Before flowers. 260 million years ago, a discreet lineage was already laying the foundations of our existence: the therapsids \u2014 the direct ancestors of mammals\u2026 and therefore of humans. This film was made possible thanks to\u2026","rel":"","context":"Dans &quot;Uncategorized&quot;","block_context":{"text":"Uncategorized","link":"https:\/\/pernelmedia.com\/fr\/category\/uncategorised\/"},"img":{"alt_text":"","src":"https:\/\/i0.wp.com\/pernelmedia.com\/wp-content\/uploads\/2026\/03\/mammif-diff-NOVA.jpg?fit=1200%2C675&ssl=1&resize=350%2C200","width":350,"height":200,"srcset":"https:\/\/i0.wp.com\/pernelmedia.com\/wp-content\/uploads\/2026\/03\/mammif-diff-NOVA.jpg?fit=1200%2C675&ssl=1&resize=350%2C200 1x, https:\/\/i0.wp.com\/pernelmedia.com\/wp-content\/uploads\/2026\/03\/mammif-diff-NOVA.jpg?fit=1200%2C675&ssl=1&resize=525%2C300 1.5x, https:\/\/i0.wp.com\/pernelmedia.com\/wp-content\/uploads\/2026\/03\/mammif-diff-NOVA.jpg?fit=1200%2C675&ssl=1&resize=700%2C400 2x, https:\/\/i0.wp.com\/pernelmedia.com\/wp-content\/uploads\/2026\/03\/mammif-diff-NOVA.jpg?fit=1200%2C675&ssl=1&resize=1050%2C600 3x"},"classes":[]},{"id":8338,"url":"https:\/\/pernelmedia.com\/fr\/realscreen-pernel-media-preps-exclusive-access-project-on-major-paleontology-findrealscreen\/","url_meta":{"origin":11582,"position":1},"title":"Realscreen: Pernel Media a s\u00e9curis\u00e9 un acc\u00e8s exclusif \u00e0 une d\u00e9couverte pal\u00e9ontologique majeure","author":"ferdinandcolin","date":"27th novembre 2023","format":false,"excerpt":"Pernel Media has secured exclusive access for a new documentary project on a major recent paleontological discovery that is believed to hold the\u00a0key to understanding the origins of mammals some hundreds of millions of years ago.In 2023, after four decades of excavation, South African and French paleontologists unearthed the oldest\u2026","rel":"","context":"Dans &quot;Uncategorized&quot;","block_context":{"text":"Uncategorized","link":"https:\/\/pernelmedia.com\/fr\/category\/uncategorised\/"},"img":{"alt_text":"","src":"https:\/\/i0.wp.com\/pernelmedia.com\/wp-content\/uploads\/2023\/11\/Photo-Karoo-Pernel-Media-23_page-0001.jpg?fit=1200%2C800&ssl=1&resize=350%2C200","width":350,"height":200,"srcset":"https:\/\/i0.wp.com\/pernelmedia.com\/wp-content\/uploads\/2023\/11\/Photo-Karoo-Pernel-Media-23_page-0001.jpg?fit=1200%2C800&ssl=1&resize=350%2C200 1x, https:\/\/i0.wp.com\/pernelmedia.com\/wp-content\/uploads\/2023\/11\/Photo-Karoo-Pernel-Media-23_page-0001.jpg?fit=1200%2C800&ssl=1&resize=525%2C300 1.5x, https:\/\/i0.wp.com\/pernelmedia.com\/wp-content\/uploads\/2023\/11\/Photo-Karoo-Pernel-Media-23_page-0001.jpg?fit=1200%2C800&ssl=1&resize=700%2C400 2x, https:\/\/i0.wp.com\/pernelmedia.com\/wp-content\/uploads\/2023\/11\/Photo-Karoo-Pernel-Media-23_page-0001.jpg?fit=1200%2C800&ssl=1&resize=1050%2C600 3x"},"classes":[]},{"id":8524,"url":"https:\/\/pernelmedia.com\/fr\/tbi-yuxiu-international-media-co-has-acquired-whos-afraid-of-the-european-hamster\/","url_meta":{"origin":11582,"position":2},"title":"TBI : Yuxiu International Media Co a acquis \"Qui a peur du grand hamster?\"","author":"ferdinandcolin","date":"27th juin 2022","format":false,"excerpt":"EXCLUSIVE: ARTE France has ordered a feature doc about the role of Jewish ghettos during the Holocaust.","rel":"","context":"Dans &quot;Uncategorized&quot;","block_context":{"text":"Uncategorized","link":"https:\/\/pernelmedia.com\/fr\/category\/uncategorised\/"},"img":{"alt_text":"","src":"https:\/\/i0.wp.com\/pernelmedia.com\/wp-content\/uploads\/2023\/10\/HAMSTER_pernel-media-1-293840514-e1698141884130.jpg?fit=1200%2C623&ssl=1&resize=350%2C200","width":350,"height":200,"srcset":"https:\/\/i0.wp.com\/pernelmedia.com\/wp-content\/uploads\/2023\/10\/HAMSTER_pernel-media-1-293840514-e1698141884130.jpg?fit=1200%2C623&ssl=1&resize=350%2C200 1x, https:\/\/i0.wp.com\/pernelmedia.com\/wp-content\/uploads\/2023\/10\/HAMSTER_pernel-media-1-293840514-e1698141884130.jpg?fit=1200%2C623&ssl=1&resize=525%2C300 1.5x, https:\/\/i0.wp.com\/pernelmedia.com\/wp-content\/uploads\/2023\/10\/HAMSTER_pernel-media-1-293840514-e1698141884130.jpg?fit=1200%2C623&ssl=1&resize=700%2C400 2x, https:\/\/i0.wp.com\/pernelmedia.com\/wp-content\/uploads\/2023\/10\/HAMSTER_pernel-media-1-293840514-e1698141884130.jpg?fit=1200%2C623&ssl=1&resize=1050%2C600 3x"},"classes":[]},{"id":10948,"url":"https:\/\/pernelmedia.com\/fr\/dino-birds-will-premiere-on-nova-tonight-wed-5th-of-february-at-9pm\/","url_meta":{"origin":11582,"position":3},"title":"\"La fabuleuse histoire des oiseaux, des dinosaures parmi nous\" sera diffus\u00e9 sur NOVA ce soir, mercredi 5 f\u00e9vrier, \u00e0 21h !","author":"ferdinandcolin","date":"4th f\u00e9vrier 2025","format":false,"excerpt":"'Dino Birds' will premiere on NOVA tonight, Wed 5th of February at 9PM!","rel":"","context":"Dans &quot;Uncategorized&quot;","block_context":{"text":"Uncategorized","link":"https:\/\/pernelmedia.com\/fr\/category\/uncategorised\/"},"img":{"alt_text":"","src":"https:\/\/i0.wp.com\/pernelmedia.com\/wp-content\/uploads\/2021\/08\/WvHIgGx-asset-mezzanine-16x9-BKsfbjR.png?fit=1200%2C675&ssl=1&resize=350%2C200","width":350,"height":200,"srcset":"https:\/\/i0.wp.com\/pernelmedia.com\/wp-content\/uploads\/2021\/08\/WvHIgGx-asset-mezzanine-16x9-BKsfbjR.png?fit=1200%2C675&ssl=1&resize=350%2C200 1x, https:\/\/i0.wp.com\/pernelmedia.com\/wp-content\/uploads\/2021\/08\/WvHIgGx-asset-mezzanine-16x9-BKsfbjR.png?fit=1200%2C675&ssl=1&resize=525%2C300 1.5x, https:\/\/i0.wp.com\/pernelmedia.com\/wp-content\/uploads\/2021\/08\/WvHIgGx-asset-mezzanine-16x9-BKsfbjR.png?fit=1200%2C675&ssl=1&resize=700%2C400 2x, https:\/\/i0.wp.com\/pernelmedia.com\/wp-content\/uploads\/2021\/08\/WvHIgGx-asset-mezzanine-16x9-BKsfbjR.png?fit=1200%2C675&ssl=1&resize=1050%2C600 3x"},"classes":[]},{"id":10956,"url":"https:\/\/pernelmedia.com\/fr\/france-5-will-broadcast-dino-birds-on-thursday-20th-of-february\/","url_meta":{"origin":11582,"position":4},"title":"\"La fabuleuse histoire des oiseaux, des dinosaures parmi nous\" sera diffus\u00e9 sur France 5 le 20 F\u00e9vrier","author":"ferdinandcolin","date":"20th f\u00e9vrier 2025","format":false,"excerpt":"France 5 will broadcast 'Dino Birds' on Thursday 20th of February","rel":"","context":"Dans &quot;Uncategorized&quot;","block_context":{"text":"Uncategorized","link":"https:\/\/pernelmedia.com\/fr\/category\/uncategorised\/"},"img":{"alt_text":"","src":"https:\/\/pernelmedia.com\/wp-content\/uploads\/2021\/08\/290695c_sirius-fs-upload-1-po1dbtnzdjo0-1740043734391-lafabuleusehistoiredesoiseaux-preview-2300.avif","width":350,"height":200,"srcset":"https:\/\/pernelmedia.com\/wp-content\/uploads\/2021\/08\/290695c_sirius-fs-upload-1-po1dbtnzdjo0-1740043734391-lafabuleusehistoiredesoiseaux-preview-2300.avif 1x, https:\/\/pernelmedia.com\/wp-content\/uploads\/2021\/08\/290695c_sirius-fs-upload-1-po1dbtnzdjo0-1740043734391-lafabuleusehistoiredesoiseaux-preview-2300.avif 1.5x, https:\/\/pernelmedia.com\/wp-content\/uploads\/2021\/08\/290695c_sirius-fs-upload-1-po1dbtnzdjo0-1740043734391-lafabuleusehistoiredesoiseaux-preview-2300.avif 2x, https:\/\/pernelmedia.com\/wp-content\/uploads\/2021\/08\/290695c_sirius-fs-upload-1-po1dbtnzdjo0-1740043734391-lafabuleusehistoiredesoiseaux-preview-2300.avif 3x"},"classes":[]},{"id":8668,"url":"https:\/\/pernelmedia.com\/fr\/the-real-war-of-thrones-returns-with-a-new-season-on-france-5-on-december-21\/","url_meta":{"origin":11582,"position":5},"title":"\"LA  GUERRE DES TR\u00d4NES\" REVIENT AVEC UNE NOUVELLE SAISON SUR FRANCE 5 LE 21 DECEMBRE","author":"ferdinandcolin","date":"19th d\u00e9cembre 2023","format":false,"excerpt":"EXCLUSIVE: ARTE France has ordered a feature doc about the role of Jewish ghettos during the Holocaust.","rel":"","context":"Dans &quot;Uncategorized&quot;","block_context":{"text":"Uncategorized","link":"https:\/\/pernelmedia.com\/fr\/category\/uncategorised\/"},"img":{"alt_text":"","src":"https:\/\/i0.wp.com\/pernelmedia.com\/wp-content\/uploads\/2023\/10\/thrones-marie-antoinette-pernel-media-e1702979788280.jpg?fit=1200%2C606&ssl=1&resize=350%2C200","width":350,"height":200,"srcset":"https:\/\/i0.wp.com\/pernelmedia.com\/wp-content\/uploads\/2023\/10\/thrones-marie-antoinette-pernel-media-e1702979788280.jpg?fit=1200%2C606&ssl=1&resize=350%2C200 1x, https:\/\/i0.wp.com\/pernelmedia.com\/wp-content\/uploads\/2023\/10\/thrones-marie-antoinette-pernel-media-e1702979788280.jpg?fit=1200%2C606&ssl=1&resize=525%2C300 1.5x, https:\/\/i0.wp.com\/pernelmedia.com\/wp-content\/uploads\/2023\/10\/thrones-marie-antoinette-pernel-media-e1702979788280.jpg?fit=1200%2C606&ssl=1&resize=700%2C400 2x, https:\/\/i0.wp.com\/pernelmedia.com\/wp-content\/uploads\/2023\/10\/thrones-marie-antoinette-pernel-media-e1702979788280.jpg?fit=1200%2C606&ssl=1&resize=1050%2C600 3x"},"classes":[]}],"_links":{"self":[{"href":"https:\/\/pernelmedia.com\/fr\/wp-json\/wp\/v2\/posts\/11582","targetHints":{"allow":["GET"]}}],"collection":[{"href":"https:\/\/pernelmedia.com\/fr\/wp-json\/wp\/v2\/posts"}],"about":[{"href":"https:\/\/pernelmedia.com\/fr\/wp-json\/wp\/v2\/types\/post"}],"author":[{"embeddable":true,"href":"https:\/\/pernelmedia.com\/fr\/wp-json\/wp\/v2\/users\/234053483"}],"replies":[{"embeddable":true,"href":"https:\/\/pernelmedia.com\/fr\/wp-json\/wp\/v2\/comments?post=11582"}],"version-history":[{"count":2,"href":"https:\/\/pernelmedia.com\/fr\/wp-json\/wp\/v2\/posts\/11582\/revisions"}],"predecessor-version":[{"id":11585,"href":"https:\/\/pernelmedia.com\/fr\/wp-json\/wp\/v2\/posts\/11582\/revisions\/11585"}],"wp:featuredmedia":[{"embeddable":true,"href":"https:\/\/pernelmedia.com\/fr\/wp-json\/wp\/v2\/media\/11584"}],"wp:attachment":[{"href":"https:\/\/pernelmedia.com\/fr\/wp-json\/wp\/v2\/media?parent=11582"}],"wp:term":[{"taxonomy":"category","embeddable":true,"href":"https:\/\/pernelmedia.com\/fr\/wp-json\/wp\/v2\/categories?post=11582"},{"taxonomy":"post_tag","embeddable":true,"href":"https:\/\/pernelmedia.com\/fr\/wp-json\/wp\/v2\/tags?post=11582"}],"curies":[{"name":"wp","href":"https:\/\/api.w.org\/{rel}","templated":true}]}}