{"id":11590,"date":"2026-01-26T17:43:12","date_gmt":"2026-01-26T17:43:12","guid":{"rendered":"https:\/\/pernelmedia.com\/?p=11590"},"modified":"2026-03-02T17:43:44","modified_gmt":"2026-03-02T17:43:44","slug":"tonight-on-planete-and-the-canal-platform-alexander-the-great-a-legendary-conqueror-narrated-by-fred-testot","status":"publish","type":"post","link":"https:\/\/pernelmedia.com\/fr\/tonight-on-planete-and-the-canal-platform-alexander-the-great-a-legendary-conqueror-narrated-by-fred-testot\/","title":{"rendered":"Ce soir sur Plan\u00e8te+ et la plateforme CANAL+ : \"Alexandre le Grand, un conqu\u00e9rant de l\u00e9gende\", racont\u00e9 par Fred Testot."},"content":{"rendered":"<p>Ce soir sur Plan\u00e8te+ et la plateforme CANAL+ : \"Alexandre le Grand, un conqu\u00e9rant de l\u00e9gende\", racont\u00e9 par Fred Testot.<\/p>\n<p>En moins de dix ans, Alexandre de Mac\u00e9doine b\u00e2tit un empire immense, de la Gr\u00e8ce aux portes de l\u2019Inde.<br \/>\nRoi \u00e0 20 ans, proclam\u00e9 pharaon d\u2019\u00c9gypte \u00e0 24 ans, il s\u2019impose apr\u00e8s Gaugam\u00e8les comme l\u2019h\u00e9ritier des rois perses, avant de mourir \u00e0 32 ans.<\/p>\n<p>Un docu-fiction tourn\u00e9 sur les sites arch\u00e9ologiques de son \u00e9pop\u00e9e \u2014 de la Gr\u00e8ce \u00e0 l\u2019\u00c9gypte, en passant par la Turquie, la M\u00e9sopotamie et le Proche-Orient perse \u2014 m\u00eal\u00e9 \u00e0 des sc\u00e8nes de fiction en costumes, tourn\u00e9es dans les studios de Marrakech et les d\u00e9cors naturels du Maroc.<\/p>","protected":false},"excerpt":{"rendered":"<p>Tonight on Plan\u00e8te+ and the CANAL+ platform: \u201cAlexander the Great, a Legendary Conqueror,\u201d narrated by Fred Testot.* In less than ten years, Alexander of Macedon built a vast empire stretching from Greece to the gates of India. King at 20, proclaimed Pharaoh of Egypt at 24, he established himself after Gaugamela as the heir to [&hellip;]<\/p>\n","protected":false},"author":234053483,"featured_media":10605,"comment_status":"closed","ping_status":"closed","sticky":false,"template":"","format":"standard","meta":{"_acf_changed":false,"advanced_seo_description":"","jetpack_seo_html_title":"","jetpack_seo_noindex":false,"jetpack_seo_schema_type":"","_wpcom_ai_launchpad_first_post":false,"footnotes":"","jetpack_publicize_message":"{title}\n\n{excerpt}\n\n{url}","jetpack_publicize_feature_enabled":true,"jetpack_social_post_already_shared":true,"jetpack_social_options":{"image_generator_settings":{"template":"highway","default_image_id":0,"font":"","enabled":false},"version":2},"_wpas_customize_per_network":false,"jetpack_post_was_ever_published":false},"categories":[97],"tags":[],"class_list":["post-11590","post","type-post","status-publish","format-standard","has-post-thumbnail","hentry","category-uncategorised"],"acf":[],"jetpack_publicize_connections":[],"jetpack_likes_enabled":true,"jetpack_sharing_enabled":true,"jetpack_shortlink":"https:\/\/wp.me\/peJO5x-30W","jetpack-related-posts":[{"id":3901,"url":"https:\/\/pernelmedia.com\/fr\/deadline-jewish-wwii-ghettos-explored-in-arte-france-doc-feature\/","url_meta":{"origin":11590,"position":0},"title":"Vari\u00e9t\u00e9 : MipTV News : Planete Plus commande un documentaire sur les otages \u00e0 Munich","author":"pernelmedia","date":"3rd avril 2022","format":false,"excerpt":"French broadcaster Planete Plus has commissioned factual political thriller \u201cMunich: Of Games and Blood\u201d from Pernel Media to mark the 50th anniversary of the hostage crisis that rocked the Munich Olympic Games on September 5, 1972.","rel":"","context":"Dans &quot;Uncategorized&quot;","block_context":{"text":"Uncategorized","link":"https:\/\/pernelmedia.com\/fr\/category\/uncategorised\/"},"img":{"alt_text":"","src":"https:\/\/i0.wp.com\/pernelmedia.com\/wp-content\/uploads\/2023\/06\/Munich-Of-Games-and-Blood-Pernel-Media.png?fit=1200%2C675&ssl=1&resize=350%2C200","width":350,"height":200,"srcset":"https:\/\/i0.wp.com\/pernelmedia.com\/wp-content\/uploads\/2023\/06\/Munich-Of-Games-and-Blood-Pernel-Media.png?fit=1200%2C675&ssl=1&resize=350%2C200 1x, https:\/\/i0.wp.com\/pernelmedia.com\/wp-content\/uploads\/2023\/06\/Munich-Of-Games-and-Blood-Pernel-Media.png?fit=1200%2C675&ssl=1&resize=525%2C300 1.5x, https:\/\/i0.wp.com\/pernelmedia.com\/wp-content\/uploads\/2023\/06\/Munich-Of-Games-and-Blood-Pernel-Media.png?fit=1200%2C675&ssl=1&resize=700%2C400 2x, https:\/\/i0.wp.com\/pernelmedia.com\/wp-content\/uploads\/2023\/06\/Munich-Of-Games-and-Blood-Pernel-Media.png?fit=1200%2C675&ssl=1&resize=1050%2C600 3x"},"classes":[]},{"id":11577,"url":"https:\/\/pernelmedia.com\/fr\/clash-of-ancient-warriors-season-3-launches-on-planete-and-the-canal-platform\/","url_meta":{"origin":11590,"position":1},"title":"\u00ab Clash of Ancient Warriors \u00bb : la saison 3 arrive sur Plan\u00e8te+ et la plateforme CANAL+","author":"ferdinandcolin","date":"8th janvier 2026","format":false,"excerpt":"Season 3 of \"Clash of Ancient Warriors\" (\"Batailles de L\u00e9gende\") is launching now on Plan\u00e8te+ and the Canal+ platform, with such international partners as Lionsgate (international distribution), ZDF Info, ZDF Studios, Plan\u00e8te Poland, and Radio Canada. Ancient battles that have shaped the course of history, told with spectacular visuals and\u2026","rel":"","context":"Dans &quot;Uncategorized&quot;","block_context":{"text":"Uncategorized","link":"https:\/\/pernelmedia.com\/fr\/category\/uncategorised\/"},"img":{"alt_text":"","src":"https:\/\/i0.wp.com\/pernelmedia.com\/wp-content\/uploads\/2026\/03\/diff-batailles-de-legende-S3.jpg?fit=1200%2C675&ssl=1&resize=350%2C200","width":350,"height":200,"srcset":"https:\/\/i0.wp.com\/pernelmedia.com\/wp-content\/uploads\/2026\/03\/diff-batailles-de-legende-S3.jpg?fit=1200%2C675&ssl=1&resize=350%2C200 1x, https:\/\/i0.wp.com\/pernelmedia.com\/wp-content\/uploads\/2026\/03\/diff-batailles-de-legende-S3.jpg?fit=1200%2C675&ssl=1&resize=525%2C300 1.5x, https:\/\/i0.wp.com\/pernelmedia.com\/wp-content\/uploads\/2026\/03\/diff-batailles-de-legende-S3.jpg?fit=1200%2C675&ssl=1&resize=700%2C400 2x, https:\/\/i0.wp.com\/pernelmedia.com\/wp-content\/uploads\/2026\/03\/diff-batailles-de-legende-S3.jpg?fit=1200%2C675&ssl=1&resize=1050%2C600 3x"},"classes":[]},{"id":3794,"url":"https:\/\/pernelmedia.com\/fr\/tbi-canal-duo-c8-planete-order-joan-of-arc-docudrama\/","url_meta":{"origin":11590,"position":2},"title":"Le duo Canal+ C8 &amp; Planete+ commande le documentaire sur Jeanne d'Arc","author":"pernelmedia","date":"28th novembre 2022","format":false,"excerpt":"Planete+ et C8 en France ont command\u00e9 un docudrame retra\u00e7ant l'\u00e9pop\u00e9e de Jeanne d'Arc.","rel":"","context":"Dans &quot;Uncategorized&quot;","block_context":{"text":"Uncategorized","link":"https:\/\/pernelmedia.com\/fr\/category\/uncategorised\/"},"img":{"alt_text":"","src":"https:\/\/i0.wp.com\/pernelmedia.com\/wp-content\/uploads\/2023\/06\/Joan-of-arc-pernel-media3-e1686146468806.jpg?fit=1200%2C477&ssl=1&resize=350%2C200","width":350,"height":200,"srcset":"https:\/\/i0.wp.com\/pernelmedia.com\/wp-content\/uploads\/2023\/06\/Joan-of-arc-pernel-media3-e1686146468806.jpg?fit=1200%2C477&ssl=1&resize=350%2C200 1x, https:\/\/i0.wp.com\/pernelmedia.com\/wp-content\/uploads\/2023\/06\/Joan-of-arc-pernel-media3-e1686146468806.jpg?fit=1200%2C477&ssl=1&resize=525%2C300 1.5x, https:\/\/i0.wp.com\/pernelmedia.com\/wp-content\/uploads\/2023\/06\/Joan-of-arc-pernel-media3-e1686146468806.jpg?fit=1200%2C477&ssl=1&resize=700%2C400 2x, https:\/\/i0.wp.com\/pernelmedia.com\/wp-content\/uploads\/2023\/06\/Joan-of-arc-pernel-media3-e1686146468806.jpg?fit=1200%2C477&ssl=1&resize=1050%2C600 3x"},"classes":[]},{"id":1975,"url":"https:\/\/pernelmedia.com\/fr\/deadline-nat-geo-boards-doc-series-featuring-largest-mayan-ruins-ever-discovered\/","url_meta":{"origin":11590,"position":3},"title":"Pernel Media explore \"Vikings, les premiers rois\" pour Planete+, C8","author":"pernelmedia","date":"6th juin 2022","format":false,"excerpt":"Paris-headquartered Pernel Media has been commissioned to produce Rise of the Vikings, a docudrama series for Canal+ channels Plan\u00e8te+ and C8.","rel":"","context":"Dans &quot;Uncategorized&quot;","block_context":{"text":"Uncategorized","link":"https:\/\/pernelmedia.com\/fr\/category\/uncategorised\/"},"img":{"alt_text":"","src":"https:\/\/i0.wp.com\/pernelmedia.com\/wp-content\/uploads\/2023\/02\/Rise-of-the-Vikings-Pernel-Media-2-e1686147246247.jpg?fit=1200%2C372&ssl=1&resize=350%2C200","width":350,"height":200,"srcset":"https:\/\/i0.wp.com\/pernelmedia.com\/wp-content\/uploads\/2023\/02\/Rise-of-the-Vikings-Pernel-Media-2-e1686147246247.jpg?fit=1200%2C372&ssl=1&resize=350%2C200 1x, https:\/\/i0.wp.com\/pernelmedia.com\/wp-content\/uploads\/2023\/02\/Rise-of-the-Vikings-Pernel-Media-2-e1686147246247.jpg?fit=1200%2C372&ssl=1&resize=525%2C300 1.5x, https:\/\/i0.wp.com\/pernelmedia.com\/wp-content\/uploads\/2023\/02\/Rise-of-the-Vikings-Pernel-Media-2-e1686147246247.jpg?fit=1200%2C372&ssl=1&resize=700%2C400 2x, https:\/\/i0.wp.com\/pernelmedia.com\/wp-content\/uploads\/2023\/02\/Rise-of-the-Vikings-Pernel-Media-2-e1686147246247.jpg?fit=1200%2C372&ssl=1&resize=1050%2C600 3x"},"classes":[]},{"id":7139,"url":"https:\/\/pernelmedia.com\/fr\/tbi-miptv-round-up-planete-orders-wartime-docudrama\/","url_meta":{"origin":11590,"position":4},"title":"TBI: Planete+ commande un documentaire sur la guerre de 14 : \" 1914, l'enfer des combattants\"","author":"ferdinandcolin","date":"17th avril 2023","format":false,"excerpt":"EXCLUSIVE: ARTE France has ordered a feature doc about the role of Jewish ghettos during the Holocaust.","rel":"","context":"Dans &quot;Uncategorized&quot;","block_context":{"text":"Uncategorized","link":"https:\/\/pernelmedia.com\/fr\/category\/uncategorised\/"},"img":{"alt_text":"","src":"https:\/\/i0.wp.com\/pernelmedia.com\/wp-content\/uploads\/2023\/07\/te-14-301240471-e1689242051583.jpg?fit=1200%2C648&ssl=1&resize=350%2C200","width":350,"height":200,"srcset":"https:\/\/i0.wp.com\/pernelmedia.com\/wp-content\/uploads\/2023\/07\/te-14-301240471-e1689242051583.jpg?fit=1200%2C648&ssl=1&resize=350%2C200 1x, https:\/\/i0.wp.com\/pernelmedia.com\/wp-content\/uploads\/2023\/07\/te-14-301240471-e1689242051583.jpg?fit=1200%2C648&ssl=1&resize=525%2C300 1.5x, https:\/\/i0.wp.com\/pernelmedia.com\/wp-content\/uploads\/2023\/07\/te-14-301240471-e1689242051583.jpg?fit=1200%2C648&ssl=1&resize=700%2C400 2x, https:\/\/i0.wp.com\/pernelmedia.com\/wp-content\/uploads\/2023\/07\/te-14-301240471-e1689242051583.jpg?fit=1200%2C648&ssl=1&resize=1050%2C600 3x"},"classes":[]},{"id":11366,"url":"https:\/\/pernelmedia.com\/fr\/france-televisions-preps-pernel-docudrama-on-egypt\/","url_meta":{"origin":11590,"position":5},"title":"France T\u00e9l\u00e9visions pr\u00e9pare un docudrama de Pernel sur l\u2019\u00c9gypte","author":"ferdinandcolin","date":"18th mars 2025","format":false,"excerpt":"France T\u00e9l\u00e9visions has partnered with producer Pernel Media to develop a primetime documentary with factual drama elements, investigating Egypt\u2019s pharaohs.Explorers of Ancient Egypt is a six-part returnable series based on the latest research on the most iconic pharaohs of all times.Each episode will feature a major Egyptian site, such as\u2026","rel":"","context":"Dans &quot;Uncategorized&quot;","block_context":{"text":"Uncategorized","link":"https:\/\/pernelmedia.com\/fr\/category\/uncategorised\/"},"img":{"alt_text":"","src":"https:\/\/i0.wp.com\/pernelmedia.com\/wp-content\/uploads\/2021\/08\/Illus_Pharaon.jpg?fit=1200%2C594&ssl=1&resize=350%2C200","width":350,"height":200,"srcset":"https:\/\/i0.wp.com\/pernelmedia.com\/wp-content\/uploads\/2021\/08\/Illus_Pharaon.jpg?fit=1200%2C594&ssl=1&resize=350%2C200 1x, https:\/\/i0.wp.com\/pernelmedia.com\/wp-content\/uploads\/2021\/08\/Illus_Pharaon.jpg?fit=1200%2C594&ssl=1&resize=525%2C300 1.5x, https:\/\/i0.wp.com\/pernelmedia.com\/wp-content\/uploads\/2021\/08\/Illus_Pharaon.jpg?fit=1200%2C594&ssl=1&resize=700%2C400 2x, https:\/\/i0.wp.com\/pernelmedia.com\/wp-content\/uploads\/2021\/08\/Illus_Pharaon.jpg?fit=1200%2C594&ssl=1&resize=1050%2C600 3x"},"classes":[]}],"jetpack_featured_media_url":"https:\/\/i0.wp.com\/pernelmedia.com\/wp-content\/uploads\/2021\/08\/AFFICHE-ALEX-e1740052549340.jpg?fit=3250%2C1446&ssl=1","_links":{"self":[{"href":"https:\/\/pernelmedia.com\/fr\/wp-json\/wp\/v2\/posts\/11590","targetHints":{"allow":["GET"]}}],"collection":[{"href":"https:\/\/pernelmedia.com\/fr\/wp-json\/wp\/v2\/posts"}],"about":[{"href":"https:\/\/pernelmedia.com\/fr\/wp-json\/wp\/v2\/types\/post"}],"author":[{"embeddable":true,"href":"https:\/\/pernelmedia.com\/fr\/wp-json\/wp\/v2\/users\/234053483"}],"replies":[{"embeddable":true,"href":"https:\/\/pernelmedia.com\/fr\/wp-json\/wp\/v2\/comments?post=11590"}],"version-history":[{"count":1,"href":"https:\/\/pernelmedia.com\/fr\/wp-json\/wp\/v2\/posts\/11590\/revisions"}],"predecessor-version":[{"id":11591,"href":"https:\/\/pernelmedia.com\/fr\/wp-json\/wp\/v2\/posts\/11590\/revisions\/11591"}],"wp:featuredmedia":[{"embeddable":true,"href":"https:\/\/pernelmedia.com\/fr\/wp-json\/wp\/v2\/media\/10605"}],"wp:attachment":[{"href":"https:\/\/pernelmedia.com\/fr\/wp-json\/wp\/v2\/media?parent=11590"}],"wp:term":[{"taxonomy":"category","embeddable":true,"href":"https:\/\/pernelmedia.com\/fr\/wp-json\/wp\/v2\/categories?post=11590"},{"taxonomy":"post_tag","embeddable":true,"href":"https:\/\/pernelmedia.com\/fr\/wp-json\/wp\/v2\/tags?post=11590"}],"curies":[{"name":"wp","href":"https:\/\/api.w.org\/{rel}","templated":true}]}}