{"id":11592,"date":"2026-02-09T17:44:53","date_gmt":"2026-02-09T17:44:53","guid":{"rendered":"https:\/\/pernelmedia.com\/?p=11592"},"modified":"2026-03-02T17:45:13","modified_gmt":"2026-03-02T17:45:13","slug":"meurtres-a-millau-smashes-ratings-with-5-1-million-viewers-januarys-top-prime-time-audience-across-french-tv","status":"publish","type":"post","link":"https:\/\/pernelmedia.com\/fr\/meurtres-a-millau-smashes-ratings-with-5-1-million-viewers-januarys-top-prime-time-audience-across-french-tv\/","title":{"rendered":"\u00ab Meurtres \u00e0 Millau \u00bb triomphe avec 5,1 millions de t\u00e9l\u00e9spectateurs \u2014 meilleure audience de prime time en janvier sur l\u2019ensemble des cha\u00eenes fran\u00e7aises"},"content":{"rendered":"<p>Carton de \"Meurtres \u00e0 Millau\" avec 5,1 millions de tvspectateurs dont 1,2 million sur la plateforme france.tv : la meilleure audience de prime time en janvier de toute la t\u00e9l\u00e9 fran\u00e7aise !<\/p>\n<p>Et 25,8%, la part d'audience record de la collection \"Meurtres \u00e0\" cette saison.<\/p>\n<p>Un \u00e9norme merci \u00e0 toutes les \u00e9quipes, com\u00e9diens, partenaires, et \u00e0 France T\u00e9l\u00e9visions<\/p>","protected":false},"excerpt":{"rendered":"<p>\u201cMeurtres \u00e0 Millau\u201d was a major ratings hit, drawing 5.1 million viewers, including 1.2 million on the france.tv platform \u2014 making it the highest prime-time audience across all French television in January. The film also achieved a remarkable 25.8% audience share, a season record for the \u201cMeurtres \u00e0\u201d collection. A huge thank you to all [&hellip;]<\/p>\n","protected":false},"author":234053483,"featured_media":11593,"comment_status":"closed","ping_status":"closed","sticky":false,"template":"","format":"standard","meta":{"_acf_changed":false,"_crdt_document":"","advanced_seo_description":"","jetpack_seo_html_title":"","jetpack_seo_noindex":false,"footnotes":"","jetpack_publicize_message":"","jetpack_publicize_feature_enabled":true,"jetpack_social_post_already_shared":true,"jetpack_social_options":{"image_generator_settings":{"template":"highway","default_image_id":0,"font":"","enabled":false},"version":2},"_wpas_customize_per_network":false,"jetpack_post_was_ever_published":false},"categories":[97],"tags":[],"class_list":["post-11592","post","type-post","status-publish","format-standard","has-post-thumbnail","hentry","category-uncategorised"],"acf":[],"jetpack_publicize_connections":[],"jetpack_featured_media_url":"https:\/\/i0.wp.com\/pernelmedia.com\/wp-content\/uploads\/2026\/03\/record-de-diff-meurtres-a-millau-1.jpg?fit=8082%2C5388&ssl=1","jetpack_likes_enabled":true,"jetpack_sharing_enabled":true,"jetpack_shortlink":"https:\/\/wp.me\/peJO5x-30Y","jetpack-related-posts":[{"id":10854,"url":"https:\/\/pernelmedia.com\/fr\/production-starts-on-murders-in-millau\/","url_meta":{"origin":11592,"position":0},"title":"Le tournage de Meurtres \u00e0 mILLAU a commenc\u00e9","author":"ferdinandcolin","date":"17th f\u00e9vrier 2025","format":false,"excerpt":"Production starts on Murders in Millau.","rel":"","context":"Dans &quot;Uncategorized&quot;","block_context":{"text":"Uncategorized","link":"https:\/\/pernelmedia.com\/fr\/category\/uncategorised\/"},"img":{"alt_text":"","src":"https:\/\/i0.wp.com\/pernelmedia.com\/wp-content\/uploads\/2021\/08\/WhatsApp-Image-2025-02-17-at-12.59.27.jpeg.webp?fit=1200%2C675&ssl=1&resize=350%2C200","width":350,"height":200,"srcset":"https:\/\/i0.wp.com\/pernelmedia.com\/wp-content\/uploads\/2021\/08\/WhatsApp-Image-2025-02-17-at-12.59.27.jpeg.webp?fit=1200%2C675&ssl=1&resize=350%2C200 1x, https:\/\/i0.wp.com\/pernelmedia.com\/wp-content\/uploads\/2021\/08\/WhatsApp-Image-2025-02-17-at-12.59.27.jpeg.webp?fit=1200%2C675&ssl=1&resize=525%2C300 1.5x, https:\/\/i0.wp.com\/pernelmedia.com\/wp-content\/uploads\/2021\/08\/WhatsApp-Image-2025-02-17-at-12.59.27.jpeg.webp?fit=1200%2C675&ssl=1&resize=700%2C400 2x, https:\/\/i0.wp.com\/pernelmedia.com\/wp-content\/uploads\/2021\/08\/WhatsApp-Image-2025-02-17-at-12.59.27.jpeg.webp?fit=1200%2C675&ssl=1&resize=1050%2C600 3x"},"classes":[]},{"id":11586,"url":"https:\/\/pernelmedia.com\/fr\/france-3-will-broadcast-murder-in-millau-on-saturday-january-24\/","url_meta":{"origin":11592,"position":1},"title":"France 3 diffuse samedi 24 janvier \"Meurtres \u00e0 Millau\"","author":"ferdinandcolin","date":"24th janvier 2026","format":false,"excerpt":"France 3 will broadcast \u201cMurder in Millau\u201d on Saturday, January 24. Near the Millau Viaduct, the body of Paul Gasteuil is discovered wearing a devil mask. This disturbing staging appears to be linked to the legend of Sainte-Enimie and intrigues Alice Nerval, the Millau gendarmerie captain assigned to the case.\u2026","rel":"","context":"Dans &quot;Uncategorized&quot;","block_context":{"text":"Uncategorized","link":"https:\/\/pernelmedia.com\/fr\/category\/uncategorised\/"},"img":{"alt_text":"","src":"https:\/\/i0.wp.com\/pernelmedia.com\/wp-content\/uploads\/2026\/03\/diffusion-meurtres-a-millau.jpg?fit=1200%2C800&ssl=1&resize=350%2C200","width":350,"height":200,"srcset":"https:\/\/i0.wp.com\/pernelmedia.com\/wp-content\/uploads\/2026\/03\/diffusion-meurtres-a-millau.jpg?fit=1200%2C800&ssl=1&resize=350%2C200 1x, https:\/\/i0.wp.com\/pernelmedia.com\/wp-content\/uploads\/2026\/03\/diffusion-meurtres-a-millau.jpg?fit=1200%2C800&ssl=1&resize=525%2C300 1.5x, https:\/\/i0.wp.com\/pernelmedia.com\/wp-content\/uploads\/2026\/03\/diffusion-meurtres-a-millau.jpg?fit=1200%2C800&ssl=1&resize=700%2C400 2x, https:\/\/i0.wp.com\/pernelmedia.com\/wp-content\/uploads\/2026\/03\/diffusion-meurtres-a-millau.jpg?fit=1200%2C800&ssl=1&resize=1050%2C600 3x"},"classes":[]},{"id":8286,"url":"https:\/\/pernelmedia.com\/fr\/pernel-media-ranked-in-6th-position-in-cumulative-audience-for-its-prime-time-programs\/","url_meta":{"origin":11592,"position":2},"title":"Pernel Media se classe en 6\u00e8me position en termes d'audience cumul\u00e9e pour ses programmes en prime time","author":"ferdinandcolin","date":"23rd octobre 2023","format":false,"excerpt":"Paris-headquartered Pernel Media has been commissioned to produce Rise of the Vikings, a docudrama series for Canal+ channels Plan\u00e8te+ and C8.","rel":"","context":"Dans &quot;Uncategorized&quot;","block_context":{"text":"Uncategorized","link":"https:\/\/pernelmedia.com\/fr\/category\/uncategorised\/"},"img":{"alt_text":"","src":"https:\/\/i0.wp.com\/pernelmedia.com\/wp-content\/uploads\/2023\/12\/00-PERNEL-MEDIA-LOGO-DEF-HD-e1701449858228.png?fit=1200%2C548&ssl=1&resize=350%2C200","width":350,"height":200,"srcset":"https:\/\/i0.wp.com\/pernelmedia.com\/wp-content\/uploads\/2023\/12\/00-PERNEL-MEDIA-LOGO-DEF-HD-e1701449858228.png?fit=1200%2C548&ssl=1&resize=350%2C200 1x, https:\/\/i0.wp.com\/pernelmedia.com\/wp-content\/uploads\/2023\/12\/00-PERNEL-MEDIA-LOGO-DEF-HD-e1701449858228.png?fit=1200%2C548&ssl=1&resize=525%2C300 1.5x, https:\/\/i0.wp.com\/pernelmedia.com\/wp-content\/uploads\/2023\/12\/00-PERNEL-MEDIA-LOGO-DEF-HD-e1701449858228.png?fit=1200%2C548&ssl=1&resize=700%2C400 2x, https:\/\/i0.wp.com\/pernelmedia.com\/wp-content\/uploads\/2023\/12\/00-PERNEL-MEDIA-LOGO-DEF-HD-e1701449858228.png?fit=1200%2C548&ssl=1&resize=1050%2C600 3x"},"classes":[]},{"id":8276,"url":"https:\/\/pernelmedia.com\/fr\/record-audience-in-january-for-rmc-decouverte-with-rise-and-fall-of-maya\/","url_meta":{"origin":11592,"position":3},"title":"Record d'audience en janvier pour RMC D\u00e9couverte avec \"Le myst\u00e8re des Mayas\"","author":"ferdinandcolin","date":"23rd janvier 2023","format":false,"excerpt":"Record audience in January for RMC D\u00e9couverte with\u00a0 the series \"Rise and fall of Maya\".\u00a0The first episode, \"From the Origins to the Fall\", set the channel's prime-time record for the season, with 455,000 viewers.The apogee of the Maya civilization took place between 250 and 900 AD. Around 900 AD, a\u2026","rel":"","context":"Dans &quot;Uncategorized&quot;","block_context":{"text":"Uncategorized","link":"https:\/\/pernelmedia.com\/fr\/category\/uncategorised\/"},"img":{"alt_text":"","src":"https:\/\/i0.wp.com\/pernelmedia.com\/wp-content\/uploads\/2023\/05\/Rise-and-fall-of-mayas.jpg?fit=1200%2C675&ssl=1&resize=350%2C200","width":350,"height":200,"srcset":"https:\/\/i0.wp.com\/pernelmedia.com\/wp-content\/uploads\/2023\/05\/Rise-and-fall-of-mayas.jpg?fit=1200%2C675&ssl=1&resize=350%2C200 1x, https:\/\/i0.wp.com\/pernelmedia.com\/wp-content\/uploads\/2023\/05\/Rise-and-fall-of-mayas.jpg?fit=1200%2C675&ssl=1&resize=525%2C300 1.5x, https:\/\/i0.wp.com\/pernelmedia.com\/wp-content\/uploads\/2023\/05\/Rise-and-fall-of-mayas.jpg?fit=1200%2C675&ssl=1&resize=700%2C400 2x, https:\/\/i0.wp.com\/pernelmedia.com\/wp-content\/uploads\/2023\/05\/Rise-and-fall-of-mayas.jpg?fit=1200%2C675&ssl=1&resize=1050%2C600 3x"},"classes":[]},{"id":8013,"url":"https:\/\/pernelmedia.com\/fr\/drugs-in-the-country-800-000-viewers\/","url_meta":{"origin":11592,"position":4},"title":"La drogue est dans le pr\u00e9: 800 000 t\u00e9l\u00e9spectateurs lors de sa diffusion sur France 5","author":"ferdinandcolin","date":"20th novembre 2023","format":false,"excerpt":"Fr\u00e9d\u00e9ric Ploquin's documentary attracted 800,000 viewers for its broadcast on France 5. The film is an edifying investigation into drug trafficking in the French countryside.Record cocaine seizures in Normandy, cannabis farms in the middle of the Beauce, heroin trafficking networks in the forests of Haute-Savoie: highly localized for almost 30\u2026","rel":"","context":"Dans &quot;Uncategorized&quot;","block_context":{"text":"Uncategorized","link":"https:\/\/pernelmedia.com\/fr\/category\/uncategorised\/"},"img":{"alt_text":"","src":"https:\/\/i0.wp.com\/pernelmedia.com\/wp-content\/uploads\/2023\/10\/La-drogue-est-dans-le-pre-2217775046-e1697729172430.jpg?fit=677%2C393&ssl=1&resize=350%2C200","width":350,"height":200,"srcset":"https:\/\/i0.wp.com\/pernelmedia.com\/wp-content\/uploads\/2023\/10\/La-drogue-est-dans-le-pre-2217775046-e1697729172430.jpg?fit=677%2C393&ssl=1&resize=350%2C200 1x, https:\/\/i0.wp.com\/pernelmedia.com\/wp-content\/uploads\/2023\/10\/La-drogue-est-dans-le-pre-2217775046-e1697729172430.jpg?fit=677%2C393&ssl=1&resize=525%2C300 1.5x"},"classes":[]},{"id":11366,"url":"https:\/\/pernelmedia.com\/fr\/france-televisions-preps-pernel-docudrama-on-egypt\/","url_meta":{"origin":11592,"position":5},"title":"France T\u00e9l\u00e9visions pr\u00e9pare un docudrama de Pernel sur l\u2019\u00c9gypte","author":"ferdinandcolin","date":"18th mars 2025","format":false,"excerpt":"France T\u00e9l\u00e9visions has partnered with producer Pernel Media to develop a primetime documentary with factual drama elements, investigating Egypt\u2019s pharaohs.Explorers of Ancient Egypt is a six-part returnable series based on the latest research on the most iconic pharaohs of all times.Each episode will feature a major Egyptian site, such as\u2026","rel":"","context":"Dans &quot;Uncategorized&quot;","block_context":{"text":"Uncategorized","link":"https:\/\/pernelmedia.com\/fr\/category\/uncategorised\/"},"img":{"alt_text":"","src":"https:\/\/i0.wp.com\/pernelmedia.com\/wp-content\/uploads\/2021\/08\/Illus_Pharaon.jpg?fit=1200%2C594&ssl=1&resize=350%2C200","width":350,"height":200,"srcset":"https:\/\/i0.wp.com\/pernelmedia.com\/wp-content\/uploads\/2021\/08\/Illus_Pharaon.jpg?fit=1200%2C594&ssl=1&resize=350%2C200 1x, https:\/\/i0.wp.com\/pernelmedia.com\/wp-content\/uploads\/2021\/08\/Illus_Pharaon.jpg?fit=1200%2C594&ssl=1&resize=525%2C300 1.5x, https:\/\/i0.wp.com\/pernelmedia.com\/wp-content\/uploads\/2021\/08\/Illus_Pharaon.jpg?fit=1200%2C594&ssl=1&resize=700%2C400 2x, https:\/\/i0.wp.com\/pernelmedia.com\/wp-content\/uploads\/2021\/08\/Illus_Pharaon.jpg?fit=1200%2C594&ssl=1&resize=1050%2C600 3x"},"classes":[]}],"_links":{"self":[{"href":"https:\/\/pernelmedia.com\/fr\/wp-json\/wp\/v2\/posts\/11592","targetHints":{"allow":["GET"]}}],"collection":[{"href":"https:\/\/pernelmedia.com\/fr\/wp-json\/wp\/v2\/posts"}],"about":[{"href":"https:\/\/pernelmedia.com\/fr\/wp-json\/wp\/v2\/types\/post"}],"author":[{"embeddable":true,"href":"https:\/\/pernelmedia.com\/fr\/wp-json\/wp\/v2\/users\/234053483"}],"replies":[{"embeddable":true,"href":"https:\/\/pernelmedia.com\/fr\/wp-json\/wp\/v2\/comments?post=11592"}],"version-history":[{"count":2,"href":"https:\/\/pernelmedia.com\/fr\/wp-json\/wp\/v2\/posts\/11592\/revisions"}],"predecessor-version":[{"id":11595,"href":"https:\/\/pernelmedia.com\/fr\/wp-json\/wp\/v2\/posts\/11592\/revisions\/11595"}],"wp:featuredmedia":[{"embeddable":true,"href":"https:\/\/pernelmedia.com\/fr\/wp-json\/wp\/v2\/media\/11593"}],"wp:attachment":[{"href":"https:\/\/pernelmedia.com\/fr\/wp-json\/wp\/v2\/media?parent=11592"}],"wp:term":[{"taxonomy":"category","embeddable":true,"href":"https:\/\/pernelmedia.com\/fr\/wp-json\/wp\/v2\/categories?post=11592"},{"taxonomy":"post_tag","embeddable":true,"href":"https:\/\/pernelmedia.com\/fr\/wp-json\/wp\/v2\/tags?post=11592"}],"curies":[{"name":"wp","href":"https:\/\/api.w.org\/{rel}","templated":true}]}}