{"id":11599,"date":"2026-02-15T17:48:29","date_gmt":"2026-02-15T17:48:29","guid":{"rendered":"https:\/\/pernelmedia.com\/?p=11599"},"modified":"2026-03-02T17:48:48","modified_gmt":"2026-03-02T17:48:48","slug":"raiders-of-the-lost-pharaohs-won-a-laurier-de-laudiovisuel-award","status":"publish","type":"post","link":"https:\/\/pernelmedia.com\/fr\/raiders-of-the-lost-pharaohs-won-a-laurier-de-laudiovisuel-award\/","title":{"rendered":"\"Les Aventuriers de l'Egypte Antique\" a gagn\u00e9 un \"Laurier de l'Audiovisuel\""},"content":{"rendered":"<p>Nous sommes honor\u00e9s et \u00e9mus d'avoir remport\u00e9 un \"Laurier de l'Audiovisuel\" pour \"Les Aventuriers de l'Egypte Antique\" lors d'une magnifique soir\u00e9e au cours de laquelle la profession dans son ensemble a r\u00e9it\u00e9r\u00e9 son soutien au service public, pilier fondamental de notre m\u00e9tier.<\/p>\n<p>La s\u00e9rie est un succ\u00e8s aupr\u00e8s des familles, notamment sur la plateforme france.tv, et nous sommes fiers d'avoir re\u00e7u le Laurier dans la cat\u00e9gorie \"Jeunesse\".<\/p>\n<p>Un grand merci \u00e0 toute l'\u00e9quipe \u00e9ditoriale !<\/p>\n<p>Nous sommes fiers \u00e9galement que la s\u00e9rie soit d\u00e9j\u00e0 un succ\u00e8s \u00e0 l'international, car le coeur de notre ADN est de produire des s\u00e9ries \u00e0 la fois intelligentes et divertissantes, avec un fort potentiel international.<\/p>","protected":false},"excerpt":{"rendered":"<p>We are humbled and honored to have received a &#8220;Laurier de l&#8217;Audiovisuel&#8221; award for our series &#8220;Raiders of the Lost Pharaohs&#8221; during a beautiful evening where the industry as a whole has reinstated its support to public service television, an essential pillar of our profession. We are proud that the award has been granted in [&hellip;]<\/p>\n","protected":false},"author":234053483,"featured_media":11600,"comment_status":"closed","ping_status":"closed","sticky":false,"template":"","format":"standard","meta":{"_acf_changed":false,"_crdt_document":"","advanced_seo_description":"","jetpack_seo_html_title":"","jetpack_seo_noindex":false,"footnotes":"","jetpack_publicize_message":"","jetpack_publicize_feature_enabled":true,"jetpack_social_post_already_shared":true,"jetpack_social_options":{"image_generator_settings":{"template":"highway","default_image_id":0,"font":"","enabled":false},"version":2},"_wpas_customize_per_network":false,"jetpack_post_was_ever_published":false},"categories":[97],"tags":[],"class_list":["post-11599","post","type-post","status-publish","format-standard","has-post-thumbnail","hentry","category-uncategorised"],"acf":[],"jetpack_publicize_connections":[],"jetpack_featured_media_url":"https:\/\/i0.wp.com\/pernelmedia.com\/wp-content\/uploads\/2026\/03\/laurier-aventuriers.jpg?fit=3840%2C2160&ssl=1","jetpack_likes_enabled":true,"jetpack_sharing_enabled":true,"jetpack_shortlink":"https:\/\/wp.me\/peJO5x-315","jetpack-related-posts":[{"id":11573,"url":"https:\/\/pernelmedia.com\/fr\/raiders-of-the-lost-pharaohs-on-france-5\/","url_meta":{"origin":11599,"position":0},"title":"\u00ab Les Aventuriers de l\u2019\u00c9gypte antique \u00bb, du grand spectacle sur France 5","author":"ferdinandcolin","date":"18th d\u00e9cembre 2025","format":false,"excerpt":"It\u2019s airing now in France - and coming soon to a broadcaster \/ platform near you ! \"Raiders of the Lost Phaorahs\" is a documentary series featuring breathtaking visuals, perfect for family viewing every Thursday at 9:05 PM on France 5 and available for replay on France.tv. Combining rigorous scholarship\u2026","rel":"","context":"Dans &quot;Uncategorized&quot;","block_context":{"text":"Uncategorized","link":"https:\/\/pernelmedia.com\/fr\/category\/uncategorised\/"},"img":{"alt_text":"","src":"https:\/\/i0.wp.com\/pernelmedia.com\/wp-content\/uploads\/2026\/03\/aventuriers-diff-france-5.jpg?fit=1200%2C675&ssl=1&resize=350%2C200","width":350,"height":200,"srcset":"https:\/\/i0.wp.com\/pernelmedia.com\/wp-content\/uploads\/2026\/03\/aventuriers-diff-france-5.jpg?fit=1200%2C675&ssl=1&resize=350%2C200 1x, https:\/\/i0.wp.com\/pernelmedia.com\/wp-content\/uploads\/2026\/03\/aventuriers-diff-france-5.jpg?fit=1200%2C675&ssl=1&resize=525%2C300 1.5x, https:\/\/i0.wp.com\/pernelmedia.com\/wp-content\/uploads\/2026\/03\/aventuriers-diff-france-5.jpg?fit=1200%2C675&ssl=1&resize=700%2C400 2x, https:\/\/i0.wp.com\/pernelmedia.com\/wp-content\/uploads\/2026\/03\/aventuriers-diff-france-5.jpg?fit=1200%2C675&ssl=1&resize=1050%2C600 3x"},"classes":[]},{"id":8252,"url":"https:\/\/pernelmedia.com\/fr\/the-vfx-of-our-series-legends-of-the-pharaohs-and-king-tuts-dynasty-have-been-nominated-at-the-2023-digital-creation-genie-awards\/","url_meta":{"origin":11599,"position":1},"title":"Les effets visuels de nos s\u00e9ries \"Legends of the Pharaohs\" et \"King Tut's Dynasty\" ont \u00e9t\u00e9 nomin\u00e9s aux 2023 Digital Creation Genie Awards !","author":"ferdinandcolin","date":"23rd d\u00e9cembre 2022","format":false,"excerpt":"The VFX of our series 'Legends of the Pharaohs ' and\u00a0 'King Tut's Dynasty' have been nominated at the 2023 Digital Creation Genie Awards!Many thanks to Trimaran VFX for their beautiful work.","rel":"","context":"Dans &quot;Uncategorized&quot;","block_context":{"text":"Uncategorized","link":"https:\/\/pernelmedia.com\/fr\/category\/uncategorised\/"},"img":{"alt_text":"","src":"https:\/\/i0.wp.com\/pernelmedia.com\/wp-content\/uploads\/2023\/10\/legends-of-the-pharaohs-pernel-media.png?fit=1200%2C649&ssl=1&resize=350%2C200","width":350,"height":200,"srcset":"https:\/\/i0.wp.com\/pernelmedia.com\/wp-content\/uploads\/2023\/10\/legends-of-the-pharaohs-pernel-media.png?fit=1200%2C649&ssl=1&resize=350%2C200 1x, https:\/\/i0.wp.com\/pernelmedia.com\/wp-content\/uploads\/2023\/10\/legends-of-the-pharaohs-pernel-media.png?fit=1200%2C649&ssl=1&resize=525%2C300 1.5x, https:\/\/i0.wp.com\/pernelmedia.com\/wp-content\/uploads\/2023\/10\/legends-of-the-pharaohs-pernel-media.png?fit=1200%2C649&ssl=1&resize=700%2C400 2x, https:\/\/i0.wp.com\/pernelmedia.com\/wp-content\/uploads\/2023\/10\/legends-of-the-pharaohs-pernel-media.png?fit=1200%2C649&ssl=1&resize=1050%2C600 3x"},"classes":[]},{"id":11366,"url":"https:\/\/pernelmedia.com\/fr\/france-televisions-preps-pernel-docudrama-on-egypt\/","url_meta":{"origin":11599,"position":2},"title":"France T\u00e9l\u00e9visions pr\u00e9pare un docudrama de Pernel sur l\u2019\u00c9gypte","author":"ferdinandcolin","date":"18th mars 2025","format":false,"excerpt":"France T\u00e9l\u00e9visions has partnered with producer Pernel Media to develop a primetime documentary with factual drama elements, investigating Egypt\u2019s pharaohs.Explorers of Ancient Egypt is a six-part returnable series based on the latest research on the most iconic pharaohs of all times.Each episode will feature a major Egyptian site, such as\u2026","rel":"","context":"Dans &quot;Uncategorized&quot;","block_context":{"text":"Uncategorized","link":"https:\/\/pernelmedia.com\/fr\/category\/uncategorised\/"},"img":{"alt_text":"","src":"https:\/\/i0.wp.com\/pernelmedia.com\/wp-content\/uploads\/2021\/08\/Illus_Pharaon.jpg?fit=1200%2C594&ssl=1&resize=350%2C200","width":350,"height":200,"srcset":"https:\/\/i0.wp.com\/pernelmedia.com\/wp-content\/uploads\/2021\/08\/Illus_Pharaon.jpg?fit=1200%2C594&ssl=1&resize=350%2C200 1x, https:\/\/i0.wp.com\/pernelmedia.com\/wp-content\/uploads\/2021\/08\/Illus_Pharaon.jpg?fit=1200%2C594&ssl=1&resize=525%2C300 1.5x, https:\/\/i0.wp.com\/pernelmedia.com\/wp-content\/uploads\/2021\/08\/Illus_Pharaon.jpg?fit=1200%2C594&ssl=1&resize=700%2C400 2x, https:\/\/i0.wp.com\/pernelmedia.com\/wp-content\/uploads\/2021\/08\/Illus_Pharaon.jpg?fit=1200%2C594&ssl=1&resize=1050%2C600 3x"},"classes":[]},{"id":8176,"url":"https:\/\/pernelmedia.com\/fr\/lost-city-of-ramses-ii-drew-1-2-million-viewers-on-france-5\/","url_meta":{"origin":11599,"position":3},"title":"\"La cit\u00e9 oubli\u00e9e de Ramses II\"  a rassembl\u00e9 1.2 millions de t\u00e9l\u00e9spectateurs sur France 5","author":"ferdinandcolin","date":"22nd avril 2023","format":false,"excerpt":"1.2 million viewers were won over by 'Lost city of Ramses II'.Directed by Laurent Portes, the documentary follows the excavation of the long lost palace of Egypt\u2019s most famous Pharos.Telerama explains why this documentary deserves our attention: This is not just another documentary on the biography of this great pharaoh,\u2026","rel":"","context":"Dans &quot;Uncategorized&quot;","block_context":{"text":"Uncategorized","link":"https:\/\/pernelmedia.com\/fr\/category\/uncategorised\/"},"img":{"alt_text":"","src":"https:\/\/i0.wp.com\/pernelmedia.com\/wp-content\/uploads\/2023\/06\/Lost-city-of-Ramses-II-2-Pernel-Media.jpg?fit=1200%2C675&ssl=1&resize=350%2C200","width":350,"height":200,"srcset":"https:\/\/i0.wp.com\/pernelmedia.com\/wp-content\/uploads\/2023\/06\/Lost-city-of-Ramses-II-2-Pernel-Media.jpg?fit=1200%2C675&ssl=1&resize=350%2C200 1x, https:\/\/i0.wp.com\/pernelmedia.com\/wp-content\/uploads\/2023\/06\/Lost-city-of-Ramses-II-2-Pernel-Media.jpg?fit=1200%2C675&ssl=1&resize=525%2C300 1.5x, https:\/\/i0.wp.com\/pernelmedia.com\/wp-content\/uploads\/2023\/06\/Lost-city-of-Ramses-II-2-Pernel-Media.jpg?fit=1200%2C675&ssl=1&resize=700%2C400 2x, https:\/\/i0.wp.com\/pernelmedia.com\/wp-content\/uploads\/2023\/06\/Lost-city-of-Ramses-II-2-Pernel-Media.jpg?fit=1200%2C675&ssl=1&resize=1050%2C600 3x"},"classes":[]},{"id":11590,"url":"https:\/\/pernelmedia.com\/fr\/tonight-on-planete-and-the-canal-platform-alexander-the-great-a-legendary-conqueror-narrated-by-fred-testot\/","url_meta":{"origin":11599,"position":4},"title":"Ce soir sur Plan\u00e8te+ et la plateforme CANAL+ : \"Alexandre le Grand, un conqu\u00e9rant de l\u00e9gende\", racont\u00e9 par Fred Testot.","author":"ferdinandcolin","date":"26th janvier 2026","format":false,"excerpt":"Tonight on Plan\u00e8te+ and the CANAL+ platform: \u201cAlexander the Great, a Legendary Conqueror,\u201d narrated by Fred Testot.* In less than ten years, Alexander of Macedon built a vast empire stretching from Greece to the gates of India. King at 20, proclaimed Pharaoh of Egypt at 24, he established himself after\u2026","rel":"","context":"Dans &quot;Uncategorized&quot;","block_context":{"text":"Uncategorized","link":"https:\/\/pernelmedia.com\/fr\/category\/uncategorised\/"},"img":{"alt_text":"","src":"https:\/\/i0.wp.com\/pernelmedia.com\/wp-content\/uploads\/2021\/08\/AFFICHE-ALEX-e1740052549340.jpg?fit=1200%2C534&ssl=1&resize=350%2C200","width":350,"height":200,"srcset":"https:\/\/i0.wp.com\/pernelmedia.com\/wp-content\/uploads\/2021\/08\/AFFICHE-ALEX-e1740052549340.jpg?fit=1200%2C534&ssl=1&resize=350%2C200 1x, https:\/\/i0.wp.com\/pernelmedia.com\/wp-content\/uploads\/2021\/08\/AFFICHE-ALEX-e1740052549340.jpg?fit=1200%2C534&ssl=1&resize=525%2C300 1.5x, https:\/\/i0.wp.com\/pernelmedia.com\/wp-content\/uploads\/2021\/08\/AFFICHE-ALEX-e1740052549340.jpg?fit=1200%2C534&ssl=1&resize=700%2C400 2x, https:\/\/i0.wp.com\/pernelmedia.com\/wp-content\/uploads\/2021\/08\/AFFICHE-ALEX-e1740052549340.jpg?fit=1200%2C534&ssl=1&resize=1050%2C600 3x"},"classes":[]},{"id":8057,"url":"https:\/\/pernelmedia.com\/fr\/return-of-the-vultures\/","url_meta":{"origin":11599,"position":5},"title":"\"Le temps des vautours\" remporte plusieurs prix dans les festivals","author":"ferdinandcolin","date":"20th novembre 2023","format":false,"excerpt":"\u2018Return of the Vultures\" has been nominated and awarded at numerous festivals. Directed by Emmanuel Rondeau, this documentary follows four vultures across four seasons in the magnificent Grands Causses natural park in the South of France.WILDLIFE CONSERVATION FILM FESTIVALNew York, USANATURE WITHOUT BORDERSDelaware, USAFESTIVAL DE L'OISEAU ET DE LA NATURE\u2026","rel":"","context":"Dans &quot;Uncategorized&quot;","block_context":{"text":"Uncategorized","link":"https:\/\/pernelmedia.com\/fr\/category\/uncategorised\/"},"img":{"alt_text":"","src":"https:\/\/i0.wp.com\/pernelmedia.com\/wp-content\/uploads\/2023\/06\/Le-temps-des-vautours-pernel-media.jpg?fit=1200%2C675&ssl=1&resize=350%2C200","width":350,"height":200,"srcset":"https:\/\/i0.wp.com\/pernelmedia.com\/wp-content\/uploads\/2023\/06\/Le-temps-des-vautours-pernel-media.jpg?fit=1200%2C675&ssl=1&resize=350%2C200 1x, https:\/\/i0.wp.com\/pernelmedia.com\/wp-content\/uploads\/2023\/06\/Le-temps-des-vautours-pernel-media.jpg?fit=1200%2C675&ssl=1&resize=525%2C300 1.5x, https:\/\/i0.wp.com\/pernelmedia.com\/wp-content\/uploads\/2023\/06\/Le-temps-des-vautours-pernel-media.jpg?fit=1200%2C675&ssl=1&resize=700%2C400 2x, https:\/\/i0.wp.com\/pernelmedia.com\/wp-content\/uploads\/2023\/06\/Le-temps-des-vautours-pernel-media.jpg?fit=1200%2C675&ssl=1&resize=1050%2C600 3x"},"classes":[]}],"_links":{"self":[{"href":"https:\/\/pernelmedia.com\/fr\/wp-json\/wp\/v2\/posts\/11599","targetHints":{"allow":["GET"]}}],"collection":[{"href":"https:\/\/pernelmedia.com\/fr\/wp-json\/wp\/v2\/posts"}],"about":[{"href":"https:\/\/pernelmedia.com\/fr\/wp-json\/wp\/v2\/types\/post"}],"author":[{"embeddable":true,"href":"https:\/\/pernelmedia.com\/fr\/wp-json\/wp\/v2\/users\/234053483"}],"replies":[{"embeddable":true,"href":"https:\/\/pernelmedia.com\/fr\/wp-json\/wp\/v2\/comments?post=11599"}],"version-history":[{"count":1,"href":"https:\/\/pernelmedia.com\/fr\/wp-json\/wp\/v2\/posts\/11599\/revisions"}],"predecessor-version":[{"id":11601,"href":"https:\/\/pernelmedia.com\/fr\/wp-json\/wp\/v2\/posts\/11599\/revisions\/11601"}],"wp:featuredmedia":[{"embeddable":true,"href":"https:\/\/pernelmedia.com\/fr\/wp-json\/wp\/v2\/media\/11600"}],"wp:attachment":[{"href":"https:\/\/pernelmedia.com\/fr\/wp-json\/wp\/v2\/media?parent=11599"}],"wp:term":[{"taxonomy":"category","embeddable":true,"href":"https:\/\/pernelmedia.com\/fr\/wp-json\/wp\/v2\/categories?post=11599"},{"taxonomy":"post_tag","embeddable":true,"href":"https:\/\/pernelmedia.com\/fr\/wp-json\/wp\/v2\/tags?post=11599"}],"curies":[{"name":"wp","href":"https:\/\/api.w.org\/{rel}","templated":true}]}}