{"id":11719,"date":"2026-04-24T15:06:22","date_gmt":"2026-04-24T14:06:22","guid":{"rendered":"https:\/\/pernelmedia.com\/?p=11719"},"modified":"2026-04-24T15:06:22","modified_gmt":"2026-04-24T14:06:22","slug":"pernel-media-kim-kardashians-paris-robbery-getting-four-part-docuseries-kim-the-diamond-and-the-grandpa-robbers","status":"publish","type":"post","link":"https:\/\/pernelmedia.com\/fr\/pernel-media-kim-kardashians-paris-robbery-getting-four-part-docuseries-kim-the-diamond-and-the-grandpa-robbers\/","title":{"rendered":"\u201cKim, le diamant et les papys braqueurs\u201d : Pernel Media revisite le casse de Kim Kardashian"},"content":{"rendered":"<p>Le braquage de Kim Kardashian dans un appartement lors de la Fashion Week de Paris en 2016 va faire l\u2019objet d\u2019une s\u00e9rie documentaire.<\/p>\n<p>\u00ab Kim, le diamant et les papys braqueurs \u00bb est une s\u00e9rie en quatre \u00e9pisodes produite par Pernel Media (\u00ab Missed Call \u00bb, \u00ab The Au Pair \u00bb) pour Canal+. La s\u00e9rie l\u00e8ve le voile sur l\u2019un des braquages de c\u00e9l\u00e9brit\u00e9 les plus audacieux de la d\u00e9cennie, en s\u2019appuyant sur un acc\u00e8s rare et exclusif aux personnes au c\u0153ur de l\u2019affaire \u2014 notamment des membres du gang et les avocats qui les ont d\u00e9fendus.<\/p>\n<p><a href=\"https:\/\/variety.com\/2026\/tv\/global\/kim-kardashian-paris-robbery-docuseries-canal-1236727729\/\" rel=\"nofollow\">https:\/\/variety.com\/2026\/tv\/global\/kim-kardashian-paris-robbery-docuseries-canal-1236727729\/<\/a><\/p>","protected":false},"excerpt":{"rendered":"<p>Kim Kardashian\u2018s robbery at gunpoint in an apartment during the 2016 Paris Fashion Week is getting the docuseries treatment. \u201cKim, the Diamond and the Grandpa Robbers,\u201d is a four-part series from Pernel Media (\u201cMissed Call,\u201d \u201cThe Au Pair\u2019\u201d) for Canal+. The series pulls back the curtain on one of the decade\u2019s boldest celebrity heists, drawing [&hellip;]<\/p>\n","protected":false},"author":234053483,"featured_media":11721,"comment_status":"closed","ping_status":"closed","sticky":false,"template":"","format":"standard","meta":{"_acf_changed":false,"advanced_seo_description":"","jetpack_seo_html_title":"","jetpack_seo_noindex":false,"jetpack_seo_schema_type":"","_wpcom_ai_launchpad_first_post":false,"footnotes":"","jetpack_publicize_message":"{title}\n\n{excerpt}\n\n{url}","jetpack_publicize_feature_enabled":true,"jetpack_social_post_already_shared":true,"jetpack_social_options":{"image_generator_settings":{"template":"highway","default_image_id":0,"font":"","enabled":false},"version":2},"_wpas_customize_per_network":false,"jetpack_post_was_ever_published":false},"categories":[97],"tags":[],"class_list":["post-11719","post","type-post","status-publish","format-standard","has-post-thumbnail","hentry","category-uncategorised"],"acf":[],"jetpack_publicize_connections":[],"jetpack_likes_enabled":true,"jetpack_sharing_enabled":true,"jetpack_shortlink":"https:\/\/wp.me\/peJO5x-331","jetpack-related-posts":[{"id":8349,"url":"https:\/\/pernelmedia.com\/fr\/realscreen-pernel-media-prepping-premium-docuseries-rise-and-fall-of-the-inca\/","url_meta":{"origin":11719,"position":0},"title":"Realscreen : Pernel Media pr\u00e9pare une s\u00e9rie documentaire premium \u201cIncas, les secrets de l\u2019Empire du Soleil\u201d","author":"ferdinandcolin","date":"28th novembre 2023","format":false,"excerpt":"French broadcaster RMC D\u00e9couverte has ordered a new docuseries from Pernel Media,\u00a0Rise and Fall of the Inca, following on from its success with the Paris-based prodco\u2019s previous four-parter\u00a0Rise and Fall of the Maya.Produced in a 4 x 60-minute version for the French market and a 4 x 44-minute edition for\u2026","rel":"","context":"Dans &quot;Uncategorized&quot;","block_context":{"text":"Uncategorized","link":"https:\/\/pernelmedia.com\/fr\/category\/uncategorised\/"},"img":{"alt_text":"","src":"https:\/\/i0.wp.com\/pernelmedia.com\/wp-content\/uploads\/2023\/12\/Incas-2-Pernel-Media-pdf.jpg?fit=1200%2C800&ssl=1&resize=350%2C200","width":350,"height":200,"srcset":"https:\/\/i0.wp.com\/pernelmedia.com\/wp-content\/uploads\/2023\/12\/Incas-2-Pernel-Media-pdf.jpg?fit=1200%2C800&ssl=1&resize=350%2C200 1x, https:\/\/i0.wp.com\/pernelmedia.com\/wp-content\/uploads\/2023\/12\/Incas-2-Pernel-Media-pdf.jpg?fit=1200%2C800&ssl=1&resize=525%2C300 1.5x, https:\/\/i0.wp.com\/pernelmedia.com\/wp-content\/uploads\/2023\/12\/Incas-2-Pernel-Media-pdf.jpg?fit=1200%2C800&ssl=1&resize=700%2C400 2x, https:\/\/i0.wp.com\/pernelmedia.com\/wp-content\/uploads\/2023\/12\/Incas-2-Pernel-Media-pdf.jpg?fit=1200%2C800&ssl=1&resize=1050%2C600 3x"},"classes":[]},{"id":3807,"url":"https:\/\/pernelmedia.com\/fr\/deadline-nat-geo-boards-doc-series-featuring-largest-mayan-ruins-ever-discovered-3\/","url_meta":{"origin":11719,"position":1},"title":"Pernel Media nomme Jean-Marc Rouhette au poste de COO","author":"pernelmedia","date":"20th juin 2022","format":false,"excerpt":"La soci\u00e9t\u00e9 Pernel Media, bas\u00e9e \u00e0 Paris, a nomm\u00e9 Jean-Marc Rouhette, ancien cadre sup\u00e9rieur de Mediawan, au poste nouvellement cr\u00e9\u00e9 de directeur des op\u00e9rations.","rel":"","context":"Dans &quot;Uncategorized&quot;","block_context":{"text":"Uncategorized","link":"https:\/\/pernelmedia.com\/fr\/category\/uncategorised\/"},"img":{"alt_text":"","src":"https:\/\/i0.wp.com\/pernelmedia.com\/wp-content\/uploads\/2023\/06\/Jean-Marc-Rouhette-pernel-media.jpeg?fit=797%2C200&ssl=1&resize=350%2C200","width":350,"height":200,"srcset":"https:\/\/i0.wp.com\/pernelmedia.com\/wp-content\/uploads\/2023\/06\/Jean-Marc-Rouhette-pernel-media.jpeg?fit=797%2C200&ssl=1&resize=350%2C200 1x, https:\/\/i0.wp.com\/pernelmedia.com\/wp-content\/uploads\/2023\/06\/Jean-Marc-Rouhette-pernel-media.jpeg?fit=797%2C200&ssl=1&resize=525%2C300 1.5x, https:\/\/i0.wp.com\/pernelmedia.com\/wp-content\/uploads\/2023\/06\/Jean-Marc-Rouhette-pernel-media.jpeg?fit=797%2C200&ssl=1&resize=700%2C400 2x"},"classes":[]},{"id":1975,"url":"https:\/\/pernelmedia.com\/fr\/deadline-nat-geo-boards-doc-series-featuring-largest-mayan-ruins-ever-discovered\/","url_meta":{"origin":11719,"position":2},"title":"Pernel Media explore \"Vikings, les premiers rois\" pour Planete+, C8","author":"pernelmedia","date":"6th juin 2022","format":false,"excerpt":"Paris-headquartered Pernel Media has been commissioned to produce Rise of the Vikings, a docudrama series for Canal+ channels Plan\u00e8te+ and C8.","rel":"","context":"Dans &quot;Uncategorized&quot;","block_context":{"text":"Uncategorized","link":"https:\/\/pernelmedia.com\/fr\/category\/uncategorised\/"},"img":{"alt_text":"","src":"https:\/\/i0.wp.com\/pernelmedia.com\/wp-content\/uploads\/2023\/02\/Rise-of-the-Vikings-Pernel-Media-2-e1686147246247.jpg?fit=1200%2C372&ssl=1&resize=350%2C200","width":350,"height":200,"srcset":"https:\/\/i0.wp.com\/pernelmedia.com\/wp-content\/uploads\/2023\/02\/Rise-of-the-Vikings-Pernel-Media-2-e1686147246247.jpg?fit=1200%2C372&ssl=1&resize=350%2C200 1x, https:\/\/i0.wp.com\/pernelmedia.com\/wp-content\/uploads\/2023\/02\/Rise-of-the-Vikings-Pernel-Media-2-e1686147246247.jpg?fit=1200%2C372&ssl=1&resize=525%2C300 1.5x, https:\/\/i0.wp.com\/pernelmedia.com\/wp-content\/uploads\/2023\/02\/Rise-of-the-Vikings-Pernel-Media-2-e1686147246247.jpg?fit=1200%2C372&ssl=1&resize=700%2C400 2x, https:\/\/i0.wp.com\/pernelmedia.com\/wp-content\/uploads\/2023\/02\/Rise-of-the-Vikings-Pernel-Media-2-e1686147246247.jpg?fit=1200%2C372&ssl=1&resize=1050%2C600 3x"},"classes":[]},{"id":8286,"url":"https:\/\/pernelmedia.com\/fr\/pernel-media-ranked-in-6th-position-in-cumulative-audience-for-its-prime-time-programs\/","url_meta":{"origin":11719,"position":3},"title":"Pernel Media se classe en 6\u00e8me position en termes d'audience cumul\u00e9e pour ses programmes en prime time","author":"ferdinandcolin","date":"23rd octobre 2023","format":false,"excerpt":"Paris-headquartered Pernel Media has been commissioned to produce Rise of the Vikings, a docudrama series for Canal+ channels Plan\u00e8te+ and C8.","rel":"","context":"Dans &quot;Uncategorized&quot;","block_context":{"text":"Uncategorized","link":"https:\/\/pernelmedia.com\/fr\/category\/uncategorised\/"},"img":{"alt_text":"","src":"https:\/\/i0.wp.com\/pernelmedia.com\/wp-content\/uploads\/2023\/12\/00-PERNEL-MEDIA-LOGO-DEF-HD-e1701449858228.png?fit=1200%2C548&ssl=1&resize=350%2C200","width":350,"height":200,"srcset":"https:\/\/i0.wp.com\/pernelmedia.com\/wp-content\/uploads\/2023\/12\/00-PERNEL-MEDIA-LOGO-DEF-HD-e1701449858228.png?fit=1200%2C548&ssl=1&resize=350%2C200 1x, https:\/\/i0.wp.com\/pernelmedia.com\/wp-content\/uploads\/2023\/12\/00-PERNEL-MEDIA-LOGO-DEF-HD-e1701449858228.png?fit=1200%2C548&ssl=1&resize=525%2C300 1.5x, https:\/\/i0.wp.com\/pernelmedia.com\/wp-content\/uploads\/2023\/12\/00-PERNEL-MEDIA-LOGO-DEF-HD-e1701449858228.png?fit=1200%2C548&ssl=1&resize=700%2C400 2x, https:\/\/i0.wp.com\/pernelmedia.com\/wp-content\/uploads\/2023\/12\/00-PERNEL-MEDIA-LOGO-DEF-HD-e1701449858228.png?fit=1200%2C548&ssl=1&resize=1050%2C600 3x"},"classes":[]},{"id":10823,"url":"https:\/\/pernelmedia.com\/fr\/channel-5-commissions-thriller-the-au-pair\/","url_meta":{"origin":11719,"position":4},"title":"Channel 5 commande le thriller The Au Pair, produit par Pernel Media","author":"ferdinandcolin","date":"27th juin 2024","format":false,"excerpt":"Channel 5 commissions thriller, The Au Pair","rel":"","context":"Dans &quot;Uncategorized&quot;","block_context":{"text":"Uncategorized","link":"https:\/\/pernelmedia.com\/fr\/category\/uncategorised\/"},"img":{"alt_text":"","src":"https:\/\/i0.wp.com\/pernelmedia.com\/wp-content\/uploads\/2021\/08\/au-pair-pernel-channel-5-itv-studios.jpg?fit=956%2C538&ssl=1&resize=350%2C200","width":350,"height":200,"srcset":"https:\/\/i0.wp.com\/pernelmedia.com\/wp-content\/uploads\/2021\/08\/au-pair-pernel-channel-5-itv-studios.jpg?fit=956%2C538&ssl=1&resize=350%2C200 1x, https:\/\/i0.wp.com\/pernelmedia.com\/wp-content\/uploads\/2021\/08\/au-pair-pernel-channel-5-itv-studios.jpg?fit=956%2C538&ssl=1&resize=525%2C300 1.5x, https:\/\/i0.wp.com\/pernelmedia.com\/wp-content\/uploads\/2021\/08\/au-pair-pernel-channel-5-itv-studios.jpg?fit=956%2C538&ssl=1&resize=700%2C400 2x"},"classes":[]},{"id":3917,"url":"https:\/\/pernelmedia.com\/fr\/satellifacts-pernel-media-production-dune-serie-documentaire-sur-les-mayas-pour-rmc-decouverte\/","url_meta":{"origin":11719,"position":5},"title":"Satellifacts: Pernel Media: production of a documentary series on the Mayas for RMC D\u00e9couverte","author":"pernelmedia","date":"1st avril 2022","format":false,"excerpt":"Pernel Media (Samuel Kissous) a annonc\u00e9 vendredi 1er avril la production de la s\u00e9rie documentaire Les Mayas : du myst\u00e8re des origines \u00e0 la chute (4 x 60'), pour RMC D\u00e9couverte (Altice).","rel":"","context":"Dans &quot;Uncategorized&quot;","block_context":{"text":"Uncategorized","link":"https:\/\/pernelmedia.com\/fr\/category\/uncategorised\/"},"img":{"alt_text":"","src":"https:\/\/i0.wp.com\/pernelmedia.com\/wp-content\/uploads\/2023\/06\/Rise-and-fall-of-mayas-news-article-pernel-media-e1686149473421.jpg?fit=1200%2C609&ssl=1&resize=350%2C200","width":350,"height":200,"srcset":"https:\/\/i0.wp.com\/pernelmedia.com\/wp-content\/uploads\/2023\/06\/Rise-and-fall-of-mayas-news-article-pernel-media-e1686149473421.jpg?fit=1200%2C609&ssl=1&resize=350%2C200 1x, https:\/\/i0.wp.com\/pernelmedia.com\/wp-content\/uploads\/2023\/06\/Rise-and-fall-of-mayas-news-article-pernel-media-e1686149473421.jpg?fit=1200%2C609&ssl=1&resize=525%2C300 1.5x, https:\/\/i0.wp.com\/pernelmedia.com\/wp-content\/uploads\/2023\/06\/Rise-and-fall-of-mayas-news-article-pernel-media-e1686149473421.jpg?fit=1200%2C609&ssl=1&resize=700%2C400 2x, https:\/\/i0.wp.com\/pernelmedia.com\/wp-content\/uploads\/2023\/06\/Rise-and-fall-of-mayas-news-article-pernel-media-e1686149473421.jpg?fit=1200%2C609&ssl=1&resize=1050%2C600 3x"},"classes":[]}],"jetpack_featured_media_url":"https:\/\/i0.wp.com\/pernelmedia.com\/wp-content\/uploads\/2026\/04\/annonce-kim-k.webp?fit=1000%2C667&ssl=1","_links":{"self":[{"href":"https:\/\/pernelmedia.com\/fr\/wp-json\/wp\/v2\/posts\/11719","targetHints":{"allow":["GET"]}}],"collection":[{"href":"https:\/\/pernelmedia.com\/fr\/wp-json\/wp\/v2\/posts"}],"about":[{"href":"https:\/\/pernelmedia.com\/fr\/wp-json\/wp\/v2\/types\/post"}],"author":[{"embeddable":true,"href":"https:\/\/pernelmedia.com\/fr\/wp-json\/wp\/v2\/users\/234053483"}],"replies":[{"embeddable":true,"href":"https:\/\/pernelmedia.com\/fr\/wp-json\/wp\/v2\/comments?post=11719"}],"version-history":[{"count":2,"href":"https:\/\/pernelmedia.com\/fr\/wp-json\/wp\/v2\/posts\/11719\/revisions"}],"predecessor-version":[{"id":11722,"href":"https:\/\/pernelmedia.com\/fr\/wp-json\/wp\/v2\/posts\/11719\/revisions\/11722"}],"wp:featuredmedia":[{"embeddable":true,"href":"https:\/\/pernelmedia.com\/fr\/wp-json\/wp\/v2\/media\/11721"}],"wp:attachment":[{"href":"https:\/\/pernelmedia.com\/fr\/wp-json\/wp\/v2\/media?parent=11719"}],"wp:term":[{"taxonomy":"category","embeddable":true,"href":"https:\/\/pernelmedia.com\/fr\/wp-json\/wp\/v2\/categories?post=11719"},{"taxonomy":"post_tag","embeddable":true,"href":"https:\/\/pernelmedia.com\/fr\/wp-json\/wp\/v2\/tags?post=11719"}],"curies":[{"name":"wp","href":"https:\/\/api.w.org\/{rel}","templated":true}]}}