{"id":8377,"date":"2023-11-28T14:01:51","date_gmt":"2023-11-28T14:01:51","guid":{"rendered":"https:\/\/pernelmedia.com\/?p=8377"},"modified":"2023-11-30T16:24:47","modified_gmt":"2023-11-30T16:24:47","slug":"deadline-premium-doc-on-genghis-khan-expedition-in-the-works-with-pernel-media","status":"publish","type":"post","link":"https:\/\/pernelmedia.com\/fr\/deadline-premium-doc-on-genghis-khan-expedition-in-the-works-with-pernel-media\/","title":{"rendered":"Deadline : Pernel Media pr\u00e9pare un documentaire sur  Gengis Khan."},"content":{"rendered":"<div data-elementor-type=\"wp-post\" data-elementor-id=\"8377\" class=\"elementor elementor-8377\" data-elementor-post-type=\"post\">\n\t\t\t\t\t\t<section class=\"elementor-section elementor-top-section elementor-element elementor-element-ec1ed86 elementor-section-boxed elementor-section-height-default elementor-section-height-default\" data-id=\"ec1ed86\" data-element_type=\"section\" data-e-type=\"section\">\n\t\t\t\t\t\t<div class=\"elementor-container elementor-column-gap-default\">\n\t\t\t\t\t<div class=\"elementor-column elementor-col-100 elementor-top-column elementor-element elementor-element-1711d6c9\" data-id=\"1711d6c9\" data-element_type=\"column\" data-e-type=\"column\">\n\t\t\t<div class=\"elementor-widget-wrap elementor-element-populated\">\n\t\t\t\t\t\t<div class=\"elementor-element elementor-element-3cae2df0 elementor-widget elementor-widget-text-editor\" data-id=\"3cae2df0\" data-element_type=\"widget\" data-e-type=\"widget\" data-widget_type=\"text-editor.default\">\n\t\t\t\t<div class=\"elementor-widget-container\">\n\t\t\t\t\t\t\t\t\t<p class=\"paragraph larva \/\/ lrv-u-margin-lr-auto lrv-a-font-body-m translation-block\">EXCLUSIF : La soci\u00e9t\u00e9 de production Pernel Media pr\u00e9pare un documentaire sur Gengis Khan, gr\u00e2ce \u00e0 un acc\u00e8s exclusif aux fouilles de la capitales.<\/p><p class=\"paragraph larva \/\/ lrv-u-margin-lr-auto lrv-a-font-body-m\">La soci\u00e9t\u00e9 de production Pernel Media pr\u00e9pare un documentaire sur Gengis Khan, gr\u00e2ce \u00e0 un acc\u00e8s exclusif aux fouilles de la capitales pour la case Science Grand format de France 5. La soci\u00e9t\u00e9 de production a obtenu un acc\u00e8s exclusif \u00e0 une exp\u00e9dition \u00e0 Karakorum, l'ancienne capitale du plus c\u00e9l\u00e8bre royaume de l'empereur mongol.<\/p><p>L'exp\u00e9dition de 2024, dirig\u00e9e par des arch\u00e9ologues mongols locaux et des experts allemands et fran\u00e7ais, Jan Bemmann et Marie Favreau, utilise des technologies telles que l'analyse isotopique et l'analyse de l'ADN pour d\u00e9couvrir des secrets qui pourraient r\u00e9\u00e9crire l'histoire du souverain. Loin d'\u00eatre un chef militaire barbare et nomade, le film raconte une nouvelle histoire de l'empereur mongol qui a chang\u00e9 la face du monde en fondant un empire reliant l'est et l'ouest.<\/p><p>Le documentaire, qui n'a pas encore de titre, sera r\u00e9alis\u00e9 comme un \u00e9pisode de 2\u00d745\u2032.\u00a0<\/p><p id=\"viewer-apqpa\" class=\"translation-block\">Lire l'article : <a href=\"https:\/\/deadline.com\/2023\/11\/genghis-khan-doc-pernel-media-1235638131\/\" target=\"_blank\" rel=\"noopener noreferrer\" data-hook=\"linkViewer\">here<\/a><\/p>\t\t\t\t\t\t\t\t<\/div>\n\t\t\t\t<\/div>\n\t\t\t\t\t<\/div>\n\t\t<\/div>\n\t\t\t\t\t<\/div>\n\t\t<\/section>\n\t\t\t\t<\/div>","protected":false},"excerpt":{"rendered":"<p class=\"translation-block\">ARTE France a command\u00e9 un long m\u00e9trage sur le r\u00f4le des ghettos juifs pendant l'Holocauste.<\/p>","protected":false},"author":234053483,"featured_media":8390,"comment_status":"closed","ping_status":"closed","sticky":false,"template":"","format":"standard","meta":{"_acf_changed":false,"_crdt_document":"","advanced_seo_description":"","jetpack_seo_html_title":"","jetpack_seo_noindex":false,"footnotes":"","jetpack_publicize_message":"","jetpack_publicize_feature_enabled":true,"jetpack_social_post_already_shared":true,"jetpack_social_options":{"image_generator_settings":{"template":"highway","default_image_id":0,"font":"","enabled":false},"version":2},"_wpas_customize_per_network":false,"jetpack_post_was_ever_published":false},"categories":[97],"tags":[],"class_list":["post-8377","post","type-post","status-publish","format-standard","has-post-thumbnail","hentry","category-uncategorised"],"acf":[],"jetpack_publicize_connections":[],"jetpack_featured_media_url":"https:\/\/i0.wp.com\/pernelmedia.com\/wp-content\/uploads\/2023\/11\/Genghis-Kahn-Pernel-Media.jpg?fit=1260%2C840&ssl=1","jetpack_likes_enabled":true,"jetpack_sharing_enabled":true,"jetpack_shortlink":"https:\/\/wp.me\/peJO5x-2b7","jetpack-related-posts":[{"id":8349,"url":"https:\/\/pernelmedia.com\/fr\/realscreen-pernel-media-prepping-premium-docuseries-rise-and-fall-of-the-inca\/","url_meta":{"origin":8377,"position":0},"title":"Realscreen : Pernel Media pr\u00e9pare une s\u00e9rie documentaire premium \u201cIncas, les secrets de l\u2019Empire du Soleil\u201d","author":"ferdinandcolin","date":"28th novembre 2023","format":false,"excerpt":"French broadcaster RMC D\u00e9couverte has ordered a new docuseries from Pernel Media,\u00a0Rise and Fall of the Inca, following on from its success with the Paris-based prodco\u2019s previous four-parter\u00a0Rise and Fall of the Maya.Produced in a 4 x 60-minute version for the French market and a 4 x 44-minute edition for\u2026","rel":"","context":"Dans &quot;Uncategorized&quot;","block_context":{"text":"Uncategorized","link":"https:\/\/pernelmedia.com\/fr\/category\/uncategorised\/"},"img":{"alt_text":"","src":"https:\/\/i0.wp.com\/pernelmedia.com\/wp-content\/uploads\/2023\/12\/Incas-2-Pernel-Media-pdf.jpg?fit=1200%2C800&ssl=1&resize=350%2C200","width":350,"height":200,"srcset":"https:\/\/i0.wp.com\/pernelmedia.com\/wp-content\/uploads\/2023\/12\/Incas-2-Pernel-Media-pdf.jpg?fit=1200%2C800&ssl=1&resize=350%2C200 1x, https:\/\/i0.wp.com\/pernelmedia.com\/wp-content\/uploads\/2023\/12\/Incas-2-Pernel-Media-pdf.jpg?fit=1200%2C800&ssl=1&resize=525%2C300 1.5x, https:\/\/i0.wp.com\/pernelmedia.com\/wp-content\/uploads\/2023\/12\/Incas-2-Pernel-Media-pdf.jpg?fit=1200%2C800&ssl=1&resize=700%2C400 2x, https:\/\/i0.wp.com\/pernelmedia.com\/wp-content\/uploads\/2023\/12\/Incas-2-Pernel-Media-pdf.jpg?fit=1200%2C800&ssl=1&resize=1050%2C600 3x"},"classes":[]},{"id":3858,"url":"https:\/\/pernelmedia.com\/fr\/realscreen-pernel-media-names-mediawan-vet-jean-marc-rouhette-as-companys-first-coo-2\/","url_meta":{"origin":8377,"position":1},"title":"Le documentaire premium de Pernel Media \"Apr\u00e8s la m\u00e9t\u00e9orite\" atterrit sur France T\u00e9l\u00e9visions","author":"pernelmedia","date":"5th novembre 2022","format":false,"excerpt":"La cha\u00eene publique France T\u00e9l\u00e9visions a command\u00e9 After the Asteroid (1\u00d790'), un documentaire haut de gamme r\u00e9alis\u00e9 par la soci\u00e9t\u00e9 de production Pernel Media, soutenue par Vivendi.","rel":"","context":"Dans &quot;Uncategorized&quot;","block_context":{"text":"Uncategorized","link":"https:\/\/pernelmedia.com\/fr\/category\/uncategorised\/"},"img":{"alt_text":"After the asteroid, a Pernel Media documentary series","src":"https:\/\/i0.wp.com\/pernelmedia.com\/wp-content\/uploads\/2021\/08\/After_the_Asteroid-Paleo_impact_asteroid2.jpg?fit=1200%2C692&ssl=1&resize=350%2C200","width":350,"height":200,"srcset":"https:\/\/i0.wp.com\/pernelmedia.com\/wp-content\/uploads\/2021\/08\/After_the_Asteroid-Paleo_impact_asteroid2.jpg?fit=1200%2C692&ssl=1&resize=350%2C200 1x, https:\/\/i0.wp.com\/pernelmedia.com\/wp-content\/uploads\/2021\/08\/After_the_Asteroid-Paleo_impact_asteroid2.jpg?fit=1200%2C692&ssl=1&resize=525%2C300 1.5x, https:\/\/i0.wp.com\/pernelmedia.com\/wp-content\/uploads\/2021\/08\/After_the_Asteroid-Paleo_impact_asteroid2.jpg?fit=1200%2C692&ssl=1&resize=700%2C400 2x, https:\/\/i0.wp.com\/pernelmedia.com\/wp-content\/uploads\/2021\/08\/After_the_Asteroid-Paleo_impact_asteroid2.jpg?fit=1200%2C692&ssl=1&resize=1050%2C600 3x"},"classes":[]},{"id":3917,"url":"https:\/\/pernelmedia.com\/fr\/satellifacts-pernel-media-production-dune-serie-documentaire-sur-les-mayas-pour-rmc-decouverte\/","url_meta":{"origin":8377,"position":2},"title":"Satellifacts: Pernel Media: production of a documentary series on the Mayas for RMC D\u00e9couverte","author":"pernelmedia","date":"1st avril 2022","format":false,"excerpt":"Pernel Media (Samuel Kissous) a annonc\u00e9 vendredi 1er avril la production de la s\u00e9rie documentaire Les Mayas : du myst\u00e8re des origines \u00e0 la chute (4 x 60'), pour RMC D\u00e9couverte (Altice).","rel":"","context":"Dans &quot;Uncategorized&quot;","block_context":{"text":"Uncategorized","link":"https:\/\/pernelmedia.com\/fr\/category\/uncategorised\/"},"img":{"alt_text":"","src":"https:\/\/i0.wp.com\/pernelmedia.com\/wp-content\/uploads\/2023\/06\/Rise-and-fall-of-mayas-news-article-pernel-media-e1686149473421.jpg?fit=1200%2C609&ssl=1&resize=350%2C200","width":350,"height":200,"srcset":"https:\/\/i0.wp.com\/pernelmedia.com\/wp-content\/uploads\/2023\/06\/Rise-and-fall-of-mayas-news-article-pernel-media-e1686149473421.jpg?fit=1200%2C609&ssl=1&resize=350%2C200 1x, https:\/\/i0.wp.com\/pernelmedia.com\/wp-content\/uploads\/2023\/06\/Rise-and-fall-of-mayas-news-article-pernel-media-e1686149473421.jpg?fit=1200%2C609&ssl=1&resize=525%2C300 1.5x, https:\/\/i0.wp.com\/pernelmedia.com\/wp-content\/uploads\/2023\/06\/Rise-and-fall-of-mayas-news-article-pernel-media-e1686149473421.jpg?fit=1200%2C609&ssl=1&resize=700%2C400 2x, https:\/\/i0.wp.com\/pernelmedia.com\/wp-content\/uploads\/2023\/06\/Rise-and-fall-of-mayas-news-article-pernel-media-e1686149473421.jpg?fit=1200%2C609&ssl=1&resize=1050%2C600 3x"},"classes":[]},{"id":8338,"url":"https:\/\/pernelmedia.com\/fr\/realscreen-pernel-media-preps-exclusive-access-project-on-major-paleontology-findrealscreen\/","url_meta":{"origin":8377,"position":3},"title":"Realscreen: Pernel Media a s\u00e9curis\u00e9 un acc\u00e8s exclusif \u00e0 une d\u00e9couverte pal\u00e9ontologique majeure","author":"ferdinandcolin","date":"27th novembre 2023","format":false,"excerpt":"Pernel Media has secured exclusive access for a new documentary project on a major recent paleontological discovery that is believed to hold the\u00a0key to understanding the origins of mammals some hundreds of millions of years ago.In 2023, after four decades of excavation, South African and French paleontologists unearthed the oldest\u2026","rel":"","context":"Dans &quot;Uncategorized&quot;","block_context":{"text":"Uncategorized","link":"https:\/\/pernelmedia.com\/fr\/category\/uncategorised\/"},"img":{"alt_text":"","src":"https:\/\/i0.wp.com\/pernelmedia.com\/wp-content\/uploads\/2023\/11\/Photo-Karoo-Pernel-Media-23_page-0001.jpg?fit=1200%2C800&ssl=1&resize=350%2C200","width":350,"height":200,"srcset":"https:\/\/i0.wp.com\/pernelmedia.com\/wp-content\/uploads\/2023\/11\/Photo-Karoo-Pernel-Media-23_page-0001.jpg?fit=1200%2C800&ssl=1&resize=350%2C200 1x, https:\/\/i0.wp.com\/pernelmedia.com\/wp-content\/uploads\/2023\/11\/Photo-Karoo-Pernel-Media-23_page-0001.jpg?fit=1200%2C800&ssl=1&resize=525%2C300 1.5x, https:\/\/i0.wp.com\/pernelmedia.com\/wp-content\/uploads\/2023\/11\/Photo-Karoo-Pernel-Media-23_page-0001.jpg?fit=1200%2C800&ssl=1&resize=700%2C400 2x, https:\/\/i0.wp.com\/pernelmedia.com\/wp-content\/uploads\/2023\/11\/Photo-Karoo-Pernel-Media-23_page-0001.jpg?fit=1200%2C800&ssl=1&resize=1050%2C600 3x"},"classes":[]},{"id":4353,"url":"https:\/\/pernelmedia.com\/fr\/deadline-nat-geo-boards-doc-series-featuring-largest-mayan-ruins-ever-discovered-4\/","url_meta":{"origin":8377,"position":4},"title":"Nat Geo lance une s\u00e9rie de docs sur les plus grandes ruines mayas jamais d\u00e9couvertes","author":"pernelmedia","date":"13th f\u00e9vrier 2023","format":false,"excerpt":"EXCLUSIVE: ARTE France has ordered a feature doc about the role of Jewish ghettos during the Holocaust.","rel":"","context":"Dans &quot;Uncategorized&quot;","block_context":{"text":"Uncategorized","link":"https:\/\/pernelmedia.com\/fr\/category\/uncategorised\/"},"img":{"alt_text":"","src":"https:\/\/i0.wp.com\/pernelmedia.com\/wp-content\/uploads\/2023\/06\/Rise-and-fall-of-mayas-2-pernel-media-2658861994-e1689242081110.jpg?fit=1200%2C563&ssl=1&resize=350%2C200","width":350,"height":200,"srcset":"https:\/\/i0.wp.com\/pernelmedia.com\/wp-content\/uploads\/2023\/06\/Rise-and-fall-of-mayas-2-pernel-media-2658861994-e1689242081110.jpg?fit=1200%2C563&ssl=1&resize=350%2C200 1x, https:\/\/i0.wp.com\/pernelmedia.com\/wp-content\/uploads\/2023\/06\/Rise-and-fall-of-mayas-2-pernel-media-2658861994-e1689242081110.jpg?fit=1200%2C563&ssl=1&resize=525%2C300 1.5x, https:\/\/i0.wp.com\/pernelmedia.com\/wp-content\/uploads\/2023\/06\/Rise-and-fall-of-mayas-2-pernel-media-2658861994-e1689242081110.jpg?fit=1200%2C563&ssl=1&resize=700%2C400 2x, https:\/\/i0.wp.com\/pernelmedia.com\/wp-content\/uploads\/2023\/06\/Rise-and-fall-of-mayas-2-pernel-media-2658861994-e1689242081110.jpg?fit=1200%2C563&ssl=1&resize=1050%2C600 3x"},"classes":[]},{"id":11366,"url":"https:\/\/pernelmedia.com\/fr\/france-televisions-preps-pernel-docudrama-on-egypt\/","url_meta":{"origin":8377,"position":5},"title":"France T\u00e9l\u00e9visions pr\u00e9pare un docudrama de Pernel sur l\u2019\u00c9gypte","author":"ferdinandcolin","date":"18th mars 2025","format":false,"excerpt":"France T\u00e9l\u00e9visions has partnered with producer Pernel Media to develop a primetime documentary with factual drama elements, investigating Egypt\u2019s pharaohs.Explorers of Ancient Egypt is a six-part returnable series based on the latest research on the most iconic pharaohs of all times.Each episode will feature a major Egyptian site, such as\u2026","rel":"","context":"Dans &quot;Uncategorized&quot;","block_context":{"text":"Uncategorized","link":"https:\/\/pernelmedia.com\/fr\/category\/uncategorised\/"},"img":{"alt_text":"","src":"https:\/\/i0.wp.com\/pernelmedia.com\/wp-content\/uploads\/2021\/08\/Illus_Pharaon.jpg?fit=1200%2C594&ssl=1&resize=350%2C200","width":350,"height":200,"srcset":"https:\/\/i0.wp.com\/pernelmedia.com\/wp-content\/uploads\/2021\/08\/Illus_Pharaon.jpg?fit=1200%2C594&ssl=1&resize=350%2C200 1x, https:\/\/i0.wp.com\/pernelmedia.com\/wp-content\/uploads\/2021\/08\/Illus_Pharaon.jpg?fit=1200%2C594&ssl=1&resize=525%2C300 1.5x, https:\/\/i0.wp.com\/pernelmedia.com\/wp-content\/uploads\/2021\/08\/Illus_Pharaon.jpg?fit=1200%2C594&ssl=1&resize=700%2C400 2x, https:\/\/i0.wp.com\/pernelmedia.com\/wp-content\/uploads\/2021\/08\/Illus_Pharaon.jpg?fit=1200%2C594&ssl=1&resize=1050%2C600 3x"},"classes":[]}],"_links":{"self":[{"href":"https:\/\/pernelmedia.com\/fr\/wp-json\/wp\/v2\/posts\/8377","targetHints":{"allow":["GET"]}}],"collection":[{"href":"https:\/\/pernelmedia.com\/fr\/wp-json\/wp\/v2\/posts"}],"about":[{"href":"https:\/\/pernelmedia.com\/fr\/wp-json\/wp\/v2\/types\/post"}],"author":[{"embeddable":true,"href":"https:\/\/pernelmedia.com\/fr\/wp-json\/wp\/v2\/users\/234053483"}],"replies":[{"embeddable":true,"href":"https:\/\/pernelmedia.com\/fr\/wp-json\/wp\/v2\/comments?post=8377"}],"version-history":[{"count":16,"href":"https:\/\/pernelmedia.com\/fr\/wp-json\/wp\/v2\/posts\/8377\/revisions"}],"predecessor-version":[{"id":8429,"href":"https:\/\/pernelmedia.com\/fr\/wp-json\/wp\/v2\/posts\/8377\/revisions\/8429"}],"wp:featuredmedia":[{"embeddable":true,"href":"https:\/\/pernelmedia.com\/fr\/wp-json\/wp\/v2\/media\/8390"}],"wp:attachment":[{"href":"https:\/\/pernelmedia.com\/fr\/wp-json\/wp\/v2\/media?parent=8377"}],"wp:term":[{"taxonomy":"category","embeddable":true,"href":"https:\/\/pernelmedia.com\/fr\/wp-json\/wp\/v2\/categories?post=8377"},{"taxonomy":"post_tag","embeddable":true,"href":"https:\/\/pernelmedia.com\/fr\/wp-json\/wp\/v2\/tags?post=8377"}],"curies":[{"name":"wp","href":"https:\/\/api.w.org\/{rel}","templated":true}]}}